{"id":1054,"date":"2021-06-14T12:49:17","date_gmt":"2021-06-14T10:49:17","guid":{"rendered":"https:\/\/formation.france-terre-asile.org\/?p=1054"},"modified":"2021-06-21T10:19:07","modified_gmt":"2021-06-21T08:19:07","slug":"formation-le-16-et-17-juin-sante-et-vulnerabilite-sexuelle-dans-un-contexte-de-migration","status":"publish","type":"post","link":"https:\/\/formation.france-terre-asile.org\/accueil-2\/formation-le-16-et-17-juin-sante-et-vulnerabilite-sexuelle-dans-un-contexte-de-migration\/","title":{"rendered":"Formation le 16 et 17 juin &#8211; Sant\u00e9 et vuln\u00e9rabilit\u00e9 sexuelle dans un contexte de migration"},"content":{"rendered":"\n<h2 class=\"wp-block-heading\">Formation le 16 et 17 juin &#8211; Sant\u00e9 et vuln\u00e9rabilit\u00e9 sexuelle dans un contexte de migration<\/h2>\n\n\n\n<p>Le 16 et 17 juin prochain se tiendra la formation sur \u00ab\u00a0Sant\u00e9 et vuln\u00e9rabilit\u00e9 sexuelle dans un contexte de migration\u00a0\u00bb. Gr\u00e2ce \u00e0 cette formation les professionnels du secteur social pourront approfondir leurs connaissances sur :<\/p>\n\n\n\n<ul class=\"wp-block-list\"><li>Comment mieux communiquer en situation interculturelle pour accepter la diff\u00e9rence de l\u2019autre en tant qu\u2019individu<\/li><li>Comment rep\u00e9rer les tensions et les conflits dus \u00e0 l\u2019incompr\u00e9hension et \u00e0 la d\u00e9stabilisation culturelle<\/li><li>Comment se situer de fa\u00e7on constructive dans des situations a priori contradictoires<\/li><li>L&rsquo;appr\u00e9hension des enjeux de la relation d\u2019aide en situation interculturelle<\/li><li>Le d\u00e9veloppement de la comp\u00e9tence interculturelle dans la relation d\u2019aide<\/li><\/ul>\n\n\n\n<p>Cette formation ne n\u00e9cessite pas de pr\u00e9requis, tous les professionnels du secteur social peuvent la suivre !<\/p>\n\n\n\n<div class=\"wp-block-uagb-buttons uagb-buttons__outer-wrap uagb-block-d29033e6\"><div class=\"uagb-buttons__wrap uagb-buttons-layout-wrap\">\n<div class=\"wp-block-uagb-buttons-child uagb-buttons__outer-wrap uagb-block-2252a188\"><div class=\"uagb-button__wrapper\"><a class=\"uagb-buttons-repeater\" href=\"https:\/\/www.france-terre-asile.org\/inscription-formations-2021\/non-categorise\/inscription-formations-2021\" rel=\"noopener noreferrer\" target=\"_blank\"><div class=\"uagb-button__link\">Je m&rsquo;inscris<\/div><span class=\"uagb-button__icon uagb-button__icon-position-after\"><svg xmlns=\"http:\/\/www.w3.org\/2000\/svg\" viewbox=\"0 0 512 512\"><path d=\"M256 8c137 0 248 111 248 248S393 504 256 504 8 393 8 256 119 8 256 8zM140 300h116v70.9c0 10.7 13 16.1 20.5 8.5l114.3-114.9c4.7-4.7 4.7-12.2 0-16.9l-114.3-115c-7.6-7.6-20.5-2.2-20.5 8.5V212H140c-6.6 0-12 5.4-12 12v64c0 6.6 5.4 12 12 12z\"><\/path><\/svg><\/span><\/a><\/div><\/div>\n<\/div><\/div>\n","protected":false},"excerpt":{"rendered":"<p>Formation le 16 et 17 juin &#8211; Sant\u00e9 et vuln\u00e9rabilit\u00e9 sexuelle dans un contexte de migration Le 16 et 17 juin prochain se tiendra la formation sur \u00ab\u00a0Sant\u00e9 et vuln\u00e9rabilit\u00e9 sexuelle dans un contexte de migration\u00a0\u00bb. Gr\u00e2ce \u00e0 cette formation les professionnels du secteur social pourront approfondir leurs connaissances sur : Comment mieux communiquer en [&hellip;]<\/p>\n","protected":false},"author":3,"featured_media":0,"comment_status":"closed","ping_status":"closed","sticky":false,"template":"","format":"standard","meta":{"_et_pb_use_builder":"","_et_pb_old_content":"","_et_gb_content_width":"","_uag_custom_page_level_css":"","_monsterinsights_skip_tracking":false,"_monsterinsights_sitenote_active":false,"_monsterinsights_sitenote_note":"","_monsterinsights_sitenote_category":0,"footnotes":""},"categories":[16],"tags":[],"class_list":["post-1054","post","type-post","status-publish","format-standard","hentry","category-archive"],"yoast_head":"<!-- This site is optimized with the Yoast SEO plugin v27.4 - https:\/\/yoast.com\/product\/yoast-seo-wordpress\/ -->\n<title>Formation le 16 et 17 juin - Sant\u00e9 et vuln\u00e9rabilit\u00e9 sexuelle dans un contexte de migration - Centre de formation France terre d&#039;asile<\/title>\n<meta name=\"robots\" content=\"index, follow, max-snippet:-1, max-image-preview:large, max-video-preview:-1\" \/>\n<link rel=\"canonical\" href=\"https:\/\/formation.france-terre-asile.org\/accueil-2\/formation-le-16-et-17-juin-sante-et-vulnerabilite-sexuelle-dans-un-contexte-de-migration\/\" \/>\n<meta property=\"og:locale\" content=\"fr_FR\" \/>\n<meta property=\"og:type\" content=\"article\" \/>\n<meta property=\"og:title\" content=\"Formation le 16 et 17 juin - Sant\u00e9 et vuln\u00e9rabilit\u00e9 sexuelle dans un contexte de migration - Centre de formation France terre d&#039;asile\" \/>\n<meta property=\"og:description\" content=\"Formation le 16 et 17 juin &#8211; Sant\u00e9 et vuln\u00e9rabilit\u00e9 sexuelle dans un contexte de migration Le 16 et 17 juin prochain se tiendra la formation sur \u00ab\u00a0Sant\u00e9 et vuln\u00e9rabilit\u00e9 sexuelle dans un contexte de migration\u00a0\u00bb. Gr\u00e2ce \u00e0 cette formation les professionnels du secteur social pourront approfondir leurs connaissances sur : Comment mieux communiquer en [&hellip;]\" \/>\n<meta property=\"og:url\" content=\"https:\/\/formation.france-terre-asile.org\/accueil-2\/formation-le-16-et-17-juin-sante-et-vulnerabilite-sexuelle-dans-un-contexte-de-migration\/\" \/>\n<meta property=\"og:site_name\" content=\"Centre de formation France terre d&#039;asile\" \/>\n<meta property=\"article:published_time\" content=\"2021-06-14T10:49:17+00:00\" \/>\n<meta property=\"article:modified_time\" content=\"2021-06-21T08:19:07+00:00\" \/>\n<meta name=\"author\" content=\"Arnold Larochelle\" \/>\n<meta name=\"twitter:card\" content=\"summary_large_image\" \/>\n<meta name=\"twitter:label1\" content=\"\u00c9crit par\" \/>\n\t<meta name=\"twitter:data1\" content=\"Arnold Larochelle\" \/>\n\t<meta name=\"twitter:label2\" content=\"Dur\u00e9e de lecture estim\u00e9e\" \/>\n\t<meta name=\"twitter:data2\" content=\"1 minute\" \/>\n<script type=\"application\/ld+json\" class=\"yoast-schema-graph\">{\"@context\":\"https:\\\/\\\/schema.org\",\"@graph\":[{\"@type\":\"Article\",\"@id\":\"https:\\\/\\\/formation.france-terre-asile.org\\\/accueil-2\\\/formation-le-16-et-17-juin-sante-et-vulnerabilite-sexuelle-dans-un-contexte-de-migration\\\/#article\",\"isPartOf\":{\"@id\":\"https:\\\/\\\/formation.france-terre-asile.org\\\/accueil-2\\\/formation-le-16-et-17-juin-sante-et-vulnerabilite-sexuelle-dans-un-contexte-de-migration\\\/\"},\"author\":{\"name\":\"Arnold Larochelle\",\"@id\":\"https:\\\/\\\/formation.france-terre-asile.org\\\/accueil-2\\\/#\\\/schema\\\/person\\\/05b85b8ef7fde43b58d4fb6450411437\"},\"headline\":\"Formation le 16 et 17 juin &#8211; Sant\u00e9 et vuln\u00e9rabilit\u00e9 sexuelle dans un contexte de migration\",\"datePublished\":\"2021-06-14T10:49:17+00:00\",\"dateModified\":\"2021-06-21T08:19:07+00:00\",\"mainEntityOfPage\":{\"@id\":\"https:\\\/\\\/formation.france-terre-asile.org\\\/accueil-2\\\/formation-le-16-et-17-juin-sante-et-vulnerabilite-sexuelle-dans-un-contexte-de-migration\\\/\"},\"wordCount\":156,\"publisher\":{\"@id\":\"https:\\\/\\\/formation.france-terre-asile.org\\\/accueil-2\\\/#organization\"},\"articleSection\":[\"Archiv\u00e9\"],\"inLanguage\":\"fr-FR\"},{\"@type\":\"WebPage\",\"@id\":\"https:\\\/\\\/formation.france-terre-asile.org\\\/accueil-2\\\/formation-le-16-et-17-juin-sante-et-vulnerabilite-sexuelle-dans-un-contexte-de-migration\\\/\",\"url\":\"https:\\\/\\\/formation.france-terre-asile.org\\\/accueil-2\\\/formation-le-16-et-17-juin-sante-et-vulnerabilite-sexuelle-dans-un-contexte-de-migration\\\/\",\"name\":\"Formation le 16 et 17 juin - Sant\u00e9 et vuln\u00e9rabilit\u00e9 sexuelle dans un contexte de migration - Centre de formation France terre d&#039;asile\",\"isPartOf\":{\"@id\":\"https:\\\/\\\/formation.france-terre-asile.org\\\/accueil-2\\\/#website\"},\"datePublished\":\"2021-06-14T10:49:17+00:00\",\"dateModified\":\"2021-06-21T08:19:07+00:00\",\"breadcrumb\":{\"@id\":\"https:\\\/\\\/formation.france-terre-asile.org\\\/accueil-2\\\/formation-le-16-et-17-juin-sante-et-vulnerabilite-sexuelle-dans-un-contexte-de-migration\\\/#breadcrumb\"},\"inLanguage\":\"fr-FR\",\"potentialAction\":[{\"@type\":\"ReadAction\",\"target\":[\"https:\\\/\\\/formation.france-terre-asile.org\\\/accueil-2\\\/formation-le-16-et-17-juin-sante-et-vulnerabilite-sexuelle-dans-un-contexte-de-migration\\\/\"]}]},{\"@type\":\"BreadcrumbList\",\"@id\":\"https:\\\/\\\/formation.france-terre-asile.org\\\/accueil-2\\\/formation-le-16-et-17-juin-sante-et-vulnerabilite-sexuelle-dans-un-contexte-de-migration\\\/#breadcrumb\",\"itemListElement\":[{\"@type\":\"ListItem\",\"position\":1,\"name\":\"Accueil\",\"item\":\"https:\\\/\\\/formation.france-terre-asile.org\\\/accueil-2\\\/\"},{\"@type\":\"ListItem\",\"position\":2,\"name\":\"Formation le 16 et 17 juin &#8211; Sant\u00e9 et vuln\u00e9rabilit\u00e9 sexuelle dans un contexte de migration\"}]},{\"@type\":\"WebSite\",\"@id\":\"https:\\\/\\\/formation.france-terre-asile.org\\\/accueil-2\\\/#website\",\"url\":\"https:\\\/\\\/formation.france-terre-asile.org\\\/accueil-2\\\/\",\"name\":\"Centre de formation France terre d&#039;asile\",\"description\":\"\",\"publisher\":{\"@id\":\"https:\\\/\\\/formation.france-terre-asile.org\\\/accueil-2\\\/#organization\"},\"potentialAction\":[{\"@type\":\"SearchAction\",\"target\":{\"@type\":\"EntryPoint\",\"urlTemplate\":\"https:\\\/\\\/formation.france-terre-asile.org\\\/accueil-2\\\/?s={search_term_string}\"},\"query-input\":{\"@type\":\"PropertyValueSpecification\",\"valueRequired\":true,\"valueName\":\"search_term_string\"}}],\"inLanguage\":\"fr-FR\"},{\"@type\":\"Organization\",\"@id\":\"https:\\\/\\\/formation.france-terre-asile.org\\\/accueil-2\\\/#organization\",\"name\":\"Centre de formation France Terre d'Asile\",\"url\":\"https:\\\/\\\/formation.france-terre-asile.org\\\/accueil-2\\\/\",\"logo\":{\"@type\":\"ImageObject\",\"inLanguage\":\"fr-FR\",\"@id\":\"https:\\\/\\\/formation.france-terre-asile.org\\\/accueil-2\\\/#\\\/schema\\\/logo\\\/image\\\/\",\"url\":\"https:\\\/\\\/formation.france-terre-asile.org\\\/wp-content\\\/uploads\\\/2021\\\/03\\\/logo-50ans.png\",\"contentUrl\":\"https:\\\/\\\/formation.france-terre-asile.org\\\/wp-content\\\/uploads\\\/2021\\\/03\\\/logo-50ans.png\",\"width\":198,\"height\":114,\"caption\":\"Centre de formation France Terre d'Asile\"},\"image\":{\"@id\":\"https:\\\/\\\/formation.france-terre-asile.org\\\/accueil-2\\\/#\\\/schema\\\/logo\\\/image\\\/\"}},{\"@type\":\"Person\",\"@id\":\"https:\\\/\\\/formation.france-terre-asile.org\\\/accueil-2\\\/#\\\/schema\\\/person\\\/05b85b8ef7fde43b58d4fb6450411437\",\"name\":\"Arnold Larochelle\",\"image\":{\"@type\":\"ImageObject\",\"inLanguage\":\"fr-FR\",\"@id\":\"https:\\\/\\\/secure.gravatar.com\\\/avatar\\\/d30da25799c15329311f3f4cc6d493bc9e711efd13ca18ef4d8d2bc72a826118?s=96&d=mm&r=g\",\"url\":\"https:\\\/\\\/secure.gravatar.com\\\/avatar\\\/d30da25799c15329311f3f4cc6d493bc9e711efd13ca18ef4d8d2bc72a826118?s=96&d=mm&r=g\",\"contentUrl\":\"https:\\\/\\\/secure.gravatar.com\\\/avatar\\\/d30da25799c15329311f3f4cc6d493bc9e711efd13ca18ef4d8d2bc72a826118?s=96&d=mm&r=g\",\"caption\":\"Arnold Larochelle\"},\"url\":\"https:\\\/\\\/formation.france-terre-asile.org\\\/accueil-2\\\/author\\\/formationcf\\\/\"}]}<\/script>\n<!-- \/ Yoast SEO plugin. -->","yoast_head_json":{"title":"Formation le 16 et 17 juin - Sant\u00e9 et vuln\u00e9rabilit\u00e9 sexuelle dans un contexte de migration - Centre de formation France terre d&#039;asile","robots":{"index":"index","follow":"follow","max-snippet":"max-snippet:-1","max-image-preview":"max-image-preview:large","max-video-preview":"max-video-preview:-1"},"canonical":"https:\/\/formation.france-terre-asile.org\/accueil-2\/formation-le-16-et-17-juin-sante-et-vulnerabilite-sexuelle-dans-un-contexte-de-migration\/","og_locale":"fr_FR","og_type":"article","og_title":"Formation le 16 et 17 juin - Sant\u00e9 et vuln\u00e9rabilit\u00e9 sexuelle dans un contexte de migration - Centre de formation France terre d&#039;asile","og_description":"Formation le 16 et 17 juin &#8211; Sant\u00e9 et vuln\u00e9rabilit\u00e9 sexuelle dans un contexte de migration Le 16 et 17 juin prochain se tiendra la formation sur \u00ab\u00a0Sant\u00e9 et vuln\u00e9rabilit\u00e9 sexuelle dans un contexte de migration\u00a0\u00bb. Gr\u00e2ce \u00e0 cette formation les professionnels du secteur social pourront approfondir leurs connaissances sur : Comment mieux communiquer en [&hellip;]","og_url":"https:\/\/formation.france-terre-asile.org\/accueil-2\/formation-le-16-et-17-juin-sante-et-vulnerabilite-sexuelle-dans-un-contexte-de-migration\/","og_site_name":"Centre de formation France terre d&#039;asile","article_published_time":"2021-06-14T10:49:17+00:00","article_modified_time":"2021-06-21T08:19:07+00:00","author":"Arnold Larochelle","twitter_card":"summary_large_image","twitter_misc":{"\u00c9crit par":"Arnold Larochelle","Dur\u00e9e de lecture estim\u00e9e":"1 minute"},"schema":{"@context":"https:\/\/schema.org","@graph":[{"@type":"Article","@id":"https:\/\/formation.france-terre-asile.org\/accueil-2\/formation-le-16-et-17-juin-sante-et-vulnerabilite-sexuelle-dans-un-contexte-de-migration\/#article","isPartOf":{"@id":"https:\/\/formation.france-terre-asile.org\/accueil-2\/formation-le-16-et-17-juin-sante-et-vulnerabilite-sexuelle-dans-un-contexte-de-migration\/"},"author":{"name":"Arnold Larochelle","@id":"https:\/\/formation.france-terre-asile.org\/accueil-2\/#\/schema\/person\/05b85b8ef7fde43b58d4fb6450411437"},"headline":"Formation le 16 et 17 juin &#8211; Sant\u00e9 et vuln\u00e9rabilit\u00e9 sexuelle dans un contexte de migration","datePublished":"2021-06-14T10:49:17+00:00","dateModified":"2021-06-21T08:19:07+00:00","mainEntityOfPage":{"@id":"https:\/\/formation.france-terre-asile.org\/accueil-2\/formation-le-16-et-17-juin-sante-et-vulnerabilite-sexuelle-dans-un-contexte-de-migration\/"},"wordCount":156,"publisher":{"@id":"https:\/\/formation.france-terre-asile.org\/accueil-2\/#organization"},"articleSection":["Archiv\u00e9"],"inLanguage":"fr-FR"},{"@type":"WebPage","@id":"https:\/\/formation.france-terre-asile.org\/accueil-2\/formation-le-16-et-17-juin-sante-et-vulnerabilite-sexuelle-dans-un-contexte-de-migration\/","url":"https:\/\/formation.france-terre-asile.org\/accueil-2\/formation-le-16-et-17-juin-sante-et-vulnerabilite-sexuelle-dans-un-contexte-de-migration\/","name":"Formation le 16 et 17 juin - Sant\u00e9 et vuln\u00e9rabilit\u00e9 sexuelle dans un contexte de migration - Centre de formation France terre d&#039;asile","isPartOf":{"@id":"https:\/\/formation.france-terre-asile.org\/accueil-2\/#website"},"datePublished":"2021-06-14T10:49:17+00:00","dateModified":"2021-06-21T08:19:07+00:00","breadcrumb":{"@id":"https:\/\/formation.france-terre-asile.org\/accueil-2\/formation-le-16-et-17-juin-sante-et-vulnerabilite-sexuelle-dans-un-contexte-de-migration\/#breadcrumb"},"inLanguage":"fr-FR","potentialAction":[{"@type":"ReadAction","target":["https:\/\/formation.france-terre-asile.org\/accueil-2\/formation-le-16-et-17-juin-sante-et-vulnerabilite-sexuelle-dans-un-contexte-de-migration\/"]}]},{"@type":"BreadcrumbList","@id":"https:\/\/formation.france-terre-asile.org\/accueil-2\/formation-le-16-et-17-juin-sante-et-vulnerabilite-sexuelle-dans-un-contexte-de-migration\/#breadcrumb","itemListElement":[{"@type":"ListItem","position":1,"name":"Accueil","item":"https:\/\/formation.france-terre-asile.org\/accueil-2\/"},{"@type":"ListItem","position":2,"name":"Formation le 16 et 17 juin &#8211; Sant\u00e9 et vuln\u00e9rabilit\u00e9 sexuelle dans un contexte de migration"}]},{"@type":"WebSite","@id":"https:\/\/formation.france-terre-asile.org\/accueil-2\/#website","url":"https:\/\/formation.france-terre-asile.org\/accueil-2\/","name":"Centre de formation France terre d&#039;asile","description":"","publisher":{"@id":"https:\/\/formation.france-terre-asile.org\/accueil-2\/#organization"},"potentialAction":[{"@type":"SearchAction","target":{"@type":"EntryPoint","urlTemplate":"https:\/\/formation.france-terre-asile.org\/accueil-2\/?s={search_term_string}"},"query-input":{"@type":"PropertyValueSpecification","valueRequired":true,"valueName":"search_term_string"}}],"inLanguage":"fr-FR"},{"@type":"Organization","@id":"https:\/\/formation.france-terre-asile.org\/accueil-2\/#organization","name":"Centre de formation France Terre d'Asile","url":"https:\/\/formation.france-terre-asile.org\/accueil-2\/","logo":{"@type":"ImageObject","inLanguage":"fr-FR","@id":"https:\/\/formation.france-terre-asile.org\/accueil-2\/#\/schema\/logo\/image\/","url":"https:\/\/formation.france-terre-asile.org\/wp-content\/uploads\/2021\/03\/logo-50ans.png","contentUrl":"https:\/\/formation.france-terre-asile.org\/wp-content\/uploads\/2021\/03\/logo-50ans.png","width":198,"height":114,"caption":"Centre de formation France Terre d'Asile"},"image":{"@id":"https:\/\/formation.france-terre-asile.org\/accueil-2\/#\/schema\/logo\/image\/"}},{"@type":"Person","@id":"https:\/\/formation.france-terre-asile.org\/accueil-2\/#\/schema\/person\/05b85b8ef7fde43b58d4fb6450411437","name":"Arnold Larochelle","image":{"@type":"ImageObject","inLanguage":"fr-FR","@id":"https:\/\/secure.gravatar.com\/avatar\/d30da25799c15329311f3f4cc6d493bc9e711efd13ca18ef4d8d2bc72a826118?s=96&d=mm&r=g","url":"https:\/\/secure.gravatar.com\/avatar\/d30da25799c15329311f3f4cc6d493bc9e711efd13ca18ef4d8d2bc72a826118?s=96&d=mm&r=g","contentUrl":"https:\/\/secure.gravatar.com\/avatar\/d30da25799c15329311f3f4cc6d493bc9e711efd13ca18ef4d8d2bc72a826118?s=96&d=mm&r=g","caption":"Arnold Larochelle"},"url":"https:\/\/formation.france-terre-asile.org\/accueil-2\/author\/formationcf\/"}]}},"uagb_featured_image_src":{"full":false,"thumbnail":false,"medium":false,"medium_large":false,"large":false,"1536x1536":false,"2048x2048":false,"et-pb-post-main-image":false,"et-pb-post-main-image-fullwidth":false,"et-pb-portfolio-image":false,"et-pb-portfolio-module-image":false,"et-pb-portfolio-image-single":false,"et-pb-gallery-module-image-portrait":false,"et-pb-post-main-image-fullwidth-large":false,"et-pb-image--responsive--desktop":false,"et-pb-image--responsive--tablet":false,"et-pb-image--responsive--phone":false},"uagb_author_info":{"display_name":"Arnold Larochelle","author_link":"https:\/\/formation.france-terre-asile.org\/accueil-2\/author\/formationcf\/"},"uagb_comment_info":0,"uagb_excerpt":"Formation le 16 et 17 juin &#8211; Sant\u00e9 et vuln\u00e9rabilit\u00e9 sexuelle dans un contexte de migration Le 16 et 17 juin prochain se tiendra la formation sur \u00ab\u00a0Sant\u00e9 et vuln\u00e9rabilit\u00e9 sexuelle dans un contexte de migration\u00a0\u00bb. Gr\u00e2ce \u00e0 cette formation les professionnels du secteur social pourront approfondir leurs connaissances sur : Comment mieux communiquer en\u2026","_links":{"self":[{"href":"https:\/\/formation.france-terre-asile.org\/accueil-2\/wp-json\/wp\/v2\/posts\/1054","targetHints":{"allow":["GET"]}}],"collection":[{"href":"https:\/\/formation.france-terre-asile.org\/accueil-2\/wp-json\/wp\/v2\/posts"}],"about":[{"href":"https:\/\/formation.france-terre-asile.org\/accueil-2\/wp-json\/wp\/v2\/types\/post"}],"author":[{"embeddable":true,"href":"https:\/\/formation.france-terre-asile.org\/accueil-2\/wp-json\/wp\/v2\/users\/3"}],"replies":[{"embeddable":true,"href":"https:\/\/formation.france-terre-asile.org\/accueil-2\/wp-json\/wp\/v2\/comments?post=1054"}],"version-history":[{"count":2,"href":"https:\/\/formation.france-terre-asile.org\/accueil-2\/wp-json\/wp\/v2\/posts\/1054\/revisions"}],"predecessor-version":[{"id":1080,"href":"https:\/\/formation.france-terre-asile.org\/accueil-2\/wp-json\/wp\/v2\/posts\/1054\/revisions\/1080"}],"wp:attachment":[{"href":"https:\/\/formation.france-terre-asile.org\/accueil-2\/wp-json\/wp\/v2\/media?parent=1054"}],"wp:term":[{"taxonomy":"category","embeddable":true,"href":"https:\/\/formation.france-terre-asile.org\/accueil-2\/wp-json\/wp\/v2\/categories?post=1054"},{"taxonomy":"post_tag","embeddable":true,"href":"https:\/\/formation.france-terre-asile.org\/accueil-2\/wp-json\/wp\/v2\/tags?post=1054"}],"curies":[{"name":"wp","href":"https:\/\/api.w.org\/{rel}","templated":true}]}}