{"id":1693,"date":"2021-09-27T11:57:16","date_gmt":"2021-09-27T09:57:16","guid":{"rendered":"https:\/\/formation.france-terre-asile.org\/?p=1693"},"modified":"2021-10-06T12:06:55","modified_gmt":"2021-10-06T10:06:55","slug":"formation-fonction-cadre-enjeux-positionnement-et-competences","status":"publish","type":"post","link":"https:\/\/formation.france-terre-asile.org\/accueil-2\/formation-fonction-cadre-enjeux-positionnement-et-competences\/","title":{"rendered":"Formation le 04 et 05 octobre &#8211; Fonction cadre, enjeux positionnement et comp\u00e9tences"},"content":{"rendered":"\n<div class=\"wp-block-buttons is-layout-flex wp-block-buttons-is-layout-flex\"><\/div>\n\n\n\n<h2 class=\"wp-block-heading\">Formation le 04 et 05 octobre &#8211; Fonction cadre, enjeux positionnement et comp\u00e9tences<\/h2>\n\n\n\n<p>Le 04 et 05 octobre  prochain se tiendra la formation \u00a0\u00bb Fonction cadre, enjeux, positionnement et comp\u00e9tences\u00a0\u00bb. Gr\u00e2ce \u00e0 cette formation les professionnels du secteur social pourront approfondir leurs connaissances sur diff\u00e9rents points : <\/p>\n\n\n\n<ul class=\"wp-block-list\"><li>L&rsquo;appr\u00e9hensions des diff\u00e9rentes dimension de la fonction cadre au niveau social, symbolique et l\u00e9gal.<\/li><\/ul>\n\n\n\n<ul class=\"wp-block-list\"><li>Situer la place et l\u2019\u00e9volution de la fonction cadre dans les enjeux du changement au sein des organisations m\u00e9dico-sociales<\/li><\/ul>\n\n\n\n<ul class=\"wp-block-list\"><li>Conna\u00eetre et savoir d\u00e9cliner en pratique les diff\u00e9rents rep\u00e8res du management et de la responsabilit\u00e9 dans les organisations.<\/li><\/ul>\n\n\n\n<ul class=\"wp-block-list\"><li>Savoir mettre en \u0153uvre des strat\u00e9gies d\u2019encadrement et d\u2019accompagnement pour la conduite de projets et d\u2019\u00e9quipes<\/li><\/ul>\n\n\n\n<ul class=\"wp-block-list\"><li>Savoir \u00eatre en phase avec les exigences de sa fonction et les probl\u00e9matiques actuelles<\/li><\/ul>\n\n\n\n<p>Cette formation ne n\u00e9cessite pas de pr\u00e9requis, et est accessible \u00e0 tous les professionnels  charg\u00e9s de l\u2019encadrement d\u2019\u00e9quipe et\/ou de structure du secteur social.<\/p>\n\n\n\n<div class=\"wp-block-uagb-buttons uagb-buttons__outer-wrap uagb-block-89aaca52\"><div class=\"uagb-buttons__wrap uagb-buttons-layout-wrap\">\n<div class=\"wp-block-uagb-buttons-child uagb-buttons__outer-wrap uagb-block-c741838c\"><div class=\"uagb-button__wrapper\"><a class=\"uagb-buttons-repeater\" href=\"https:\/\/formation.france-terre-asile.org\/inscription-aux-formations\/\" rel=\"noopener noreferrer\" target=\"_self\"><div class=\"uagb-button__link\">Je m&rsquo;inscris<\/div><span class=\"uagb-button__icon uagb-button__icon-position-after\"><svg xmlns=\"http:\/\/www.w3.org\/2000\/svg\" viewBox=\"0 0 512 512\"><path d=\"M256 8c137 0 248 111 248 248S393 504 256 504 8 393 8 256 119 8 256 8zM140 300h116v70.9c0 10.7 13 16.1 20.5 8.5l114.3-114.9c4.7-4.7 4.7-12.2 0-16.9l-114.3-115c-7.6-7.6-20.5-2.2-20.5 8.5V212H140c-6.6 0-12 5.4-12 12v64c0 6.6 5.4 12 12 12z\"><\/path><\/svg><\/span><\/a><\/div><\/div>\n<\/div><\/div>\n","protected":false},"excerpt":{"rendered":"<p>Formation le 04 et 05 octobre &#8211; Fonction cadre, enjeux positionnement et comp\u00e9tences Le 04 et 05 octobre prochain se tiendra la formation \u00a0\u00bb Fonction cadre, enjeux, positionnement et comp\u00e9tences\u00a0\u00bb. Gr\u00e2ce \u00e0 cette formation les professionnels du secteur social pourront approfondir leurs connaissances sur diff\u00e9rents points : L&rsquo;appr\u00e9hensions des diff\u00e9rentes dimension de la fonction cadre [&hellip;]<\/p>\n","protected":false},"author":3,"featured_media":0,"comment_status":"closed","ping_status":"closed","sticky":false,"template":"","format":"standard","meta":{"_et_pb_use_builder":"","_et_pb_old_content":"","_et_gb_content_width":"","_uag_custom_page_level_css":"","_monsterinsights_skip_tracking":false,"_monsterinsights_sitenote_active":false,"_monsterinsights_sitenote_note":"","_monsterinsights_sitenote_category":0,"footnotes":""},"categories":[16],"tags":[],"class_list":["post-1693","post","type-post","status-publish","format-standard","hentry","category-archive"],"yoast_head":"<!-- This site is optimized with the Yoast SEO plugin v27.4 - https:\/\/yoast.com\/product\/yoast-seo-wordpress\/ -->\n<title>Formation le 04 et 05 octobre - Fonction cadre, enjeux positionnement et comp\u00e9tences - Centre de formation France terre d&#039;asile<\/title>\n<meta name=\"robots\" content=\"index, follow, max-snippet:-1, max-image-preview:large, max-video-preview:-1\" \/>\n<link rel=\"canonical\" href=\"https:\/\/formation.france-terre-asile.org\/accueil-2\/formation-fonction-cadre-enjeux-positionnement-et-competences\/\" \/>\n<meta property=\"og:locale\" content=\"fr_FR\" \/>\n<meta property=\"og:type\" content=\"article\" \/>\n<meta property=\"og:title\" content=\"Formation le 04 et 05 octobre - Fonction cadre, enjeux positionnement et comp\u00e9tences - Centre de formation France terre d&#039;asile\" \/>\n<meta property=\"og:description\" content=\"Formation le 04 et 05 octobre &#8211; Fonction cadre, enjeux positionnement et comp\u00e9tences Le 04 et 05 octobre prochain se tiendra la formation \u00a0\u00bb Fonction cadre, enjeux, positionnement et comp\u00e9tences\u00a0\u00bb. Gr\u00e2ce \u00e0 cette formation les professionnels du secteur social pourront approfondir leurs connaissances sur diff\u00e9rents points : L&rsquo;appr\u00e9hensions des diff\u00e9rentes dimension de la fonction cadre [&hellip;]\" \/>\n<meta property=\"og:url\" content=\"https:\/\/formation.france-terre-asile.org\/accueil-2\/formation-fonction-cadre-enjeux-positionnement-et-competences\/\" \/>\n<meta property=\"og:site_name\" content=\"Centre de formation France terre d&#039;asile\" \/>\n<meta property=\"article:published_time\" content=\"2021-09-27T09:57:16+00:00\" \/>\n<meta property=\"article:modified_time\" content=\"2021-10-06T10:06:55+00:00\" \/>\n<meta name=\"author\" content=\"Arnold Larochelle\" \/>\n<meta name=\"twitter:card\" content=\"summary_large_image\" \/>\n<meta name=\"twitter:label1\" content=\"\u00c9crit par\" \/>\n\t<meta name=\"twitter:data1\" content=\"Arnold Larochelle\" \/>\n\t<meta name=\"twitter:label2\" content=\"Dur\u00e9e de lecture estim\u00e9e\" \/>\n\t<meta name=\"twitter:data2\" content=\"1 minute\" \/>\n<script type=\"application\/ld+json\" class=\"yoast-schema-graph\">{\"@context\":\"https:\\\/\\\/schema.org\",\"@graph\":[{\"@type\":\"Article\",\"@id\":\"https:\\\/\\\/formation.france-terre-asile.org\\\/accueil-2\\\/formation-fonction-cadre-enjeux-positionnement-et-competences\\\/#article\",\"isPartOf\":{\"@id\":\"https:\\\/\\\/formation.france-terre-asile.org\\\/accueil-2\\\/formation-fonction-cadre-enjeux-positionnement-et-competences\\\/\"},\"author\":{\"name\":\"Arnold Larochelle\",\"@id\":\"https:\\\/\\\/formation.france-terre-asile.org\\\/accueil-2\\\/#\\\/schema\\\/person\\\/05b85b8ef7fde43b58d4fb6450411437\"},\"headline\":\"Formation le 04 et 05 octobre &#8211; Fonction cadre, enjeux positionnement et comp\u00e9tences\",\"datePublished\":\"2021-09-27T09:57:16+00:00\",\"dateModified\":\"2021-10-06T10:06:55+00:00\",\"mainEntityOfPage\":{\"@id\":\"https:\\\/\\\/formation.france-terre-asile.org\\\/accueil-2\\\/formation-fonction-cadre-enjeux-positionnement-et-competences\\\/\"},\"wordCount\":180,\"publisher\":{\"@id\":\"https:\\\/\\\/formation.france-terre-asile.org\\\/accueil-2\\\/#organization\"},\"articleSection\":[\"Archiv\u00e9\"],\"inLanguage\":\"fr-FR\"},{\"@type\":\"WebPage\",\"@id\":\"https:\\\/\\\/formation.france-terre-asile.org\\\/accueil-2\\\/formation-fonction-cadre-enjeux-positionnement-et-competences\\\/\",\"url\":\"https:\\\/\\\/formation.france-terre-asile.org\\\/accueil-2\\\/formation-fonction-cadre-enjeux-positionnement-et-competences\\\/\",\"name\":\"Formation le 04 et 05 octobre - Fonction cadre, enjeux positionnement et comp\u00e9tences - Centre de formation France terre d&#039;asile\",\"isPartOf\":{\"@id\":\"https:\\\/\\\/formation.france-terre-asile.org\\\/accueil-2\\\/#website\"},\"datePublished\":\"2021-09-27T09:57:16+00:00\",\"dateModified\":\"2021-10-06T10:06:55+00:00\",\"breadcrumb\":{\"@id\":\"https:\\\/\\\/formation.france-terre-asile.org\\\/accueil-2\\\/formation-fonction-cadre-enjeux-positionnement-et-competences\\\/#breadcrumb\"},\"inLanguage\":\"fr-FR\",\"potentialAction\":[{\"@type\":\"ReadAction\",\"target\":[\"https:\\\/\\\/formation.france-terre-asile.org\\\/accueil-2\\\/formation-fonction-cadre-enjeux-positionnement-et-competences\\\/\"]}]},{\"@type\":\"BreadcrumbList\",\"@id\":\"https:\\\/\\\/formation.france-terre-asile.org\\\/accueil-2\\\/formation-fonction-cadre-enjeux-positionnement-et-competences\\\/#breadcrumb\",\"itemListElement\":[{\"@type\":\"ListItem\",\"position\":1,\"name\":\"Accueil\",\"item\":\"https:\\\/\\\/formation.france-terre-asile.org\\\/accueil-2\\\/\"},{\"@type\":\"ListItem\",\"position\":2,\"name\":\"Formation le 04 et 05 octobre &#8211; Fonction cadre, enjeux positionnement et comp\u00e9tences\"}]},{\"@type\":\"WebSite\",\"@id\":\"https:\\\/\\\/formation.france-terre-asile.org\\\/accueil-2\\\/#website\",\"url\":\"https:\\\/\\\/formation.france-terre-asile.org\\\/accueil-2\\\/\",\"name\":\"Centre de formation France terre d&#039;asile\",\"description\":\"\",\"publisher\":{\"@id\":\"https:\\\/\\\/formation.france-terre-asile.org\\\/accueil-2\\\/#organization\"},\"potentialAction\":[{\"@type\":\"SearchAction\",\"target\":{\"@type\":\"EntryPoint\",\"urlTemplate\":\"https:\\\/\\\/formation.france-terre-asile.org\\\/accueil-2\\\/?s={search_term_string}\"},\"query-input\":{\"@type\":\"PropertyValueSpecification\",\"valueRequired\":true,\"valueName\":\"search_term_string\"}}],\"inLanguage\":\"fr-FR\"},{\"@type\":\"Organization\",\"@id\":\"https:\\\/\\\/formation.france-terre-asile.org\\\/accueil-2\\\/#organization\",\"name\":\"Centre de formation France Terre d'Asile\",\"url\":\"https:\\\/\\\/formation.france-terre-asile.org\\\/accueil-2\\\/\",\"logo\":{\"@type\":\"ImageObject\",\"inLanguage\":\"fr-FR\",\"@id\":\"https:\\\/\\\/formation.france-terre-asile.org\\\/accueil-2\\\/#\\\/schema\\\/logo\\\/image\\\/\",\"url\":\"https:\\\/\\\/formation.france-terre-asile.org\\\/wp-content\\\/uploads\\\/2021\\\/03\\\/logo-50ans.png\",\"contentUrl\":\"https:\\\/\\\/formation.france-terre-asile.org\\\/wp-content\\\/uploads\\\/2021\\\/03\\\/logo-50ans.png\",\"width\":198,\"height\":114,\"caption\":\"Centre de formation France Terre d'Asile\"},\"image\":{\"@id\":\"https:\\\/\\\/formation.france-terre-asile.org\\\/accueil-2\\\/#\\\/schema\\\/logo\\\/image\\\/\"}},{\"@type\":\"Person\",\"@id\":\"https:\\\/\\\/formation.france-terre-asile.org\\\/accueil-2\\\/#\\\/schema\\\/person\\\/05b85b8ef7fde43b58d4fb6450411437\",\"name\":\"Arnold Larochelle\",\"image\":{\"@type\":\"ImageObject\",\"inLanguage\":\"fr-FR\",\"@id\":\"https:\\\/\\\/secure.gravatar.com\\\/avatar\\\/d30da25799c15329311f3f4cc6d493bc9e711efd13ca18ef4d8d2bc72a826118?s=96&d=mm&r=g\",\"url\":\"https:\\\/\\\/secure.gravatar.com\\\/avatar\\\/d30da25799c15329311f3f4cc6d493bc9e711efd13ca18ef4d8d2bc72a826118?s=96&d=mm&r=g\",\"contentUrl\":\"https:\\\/\\\/secure.gravatar.com\\\/avatar\\\/d30da25799c15329311f3f4cc6d493bc9e711efd13ca18ef4d8d2bc72a826118?s=96&d=mm&r=g\",\"caption\":\"Arnold Larochelle\"},\"url\":\"https:\\\/\\\/formation.france-terre-asile.org\\\/accueil-2\\\/author\\\/formationcf\\\/\"}]}<\/script>\n<!-- \/ Yoast SEO plugin. -->","yoast_head_json":{"title":"Formation le 04 et 05 octobre - Fonction cadre, enjeux positionnement et comp\u00e9tences - Centre de formation France terre d&#039;asile","robots":{"index":"index","follow":"follow","max-snippet":"max-snippet:-1","max-image-preview":"max-image-preview:large","max-video-preview":"max-video-preview:-1"},"canonical":"https:\/\/formation.france-terre-asile.org\/accueil-2\/formation-fonction-cadre-enjeux-positionnement-et-competences\/","og_locale":"fr_FR","og_type":"article","og_title":"Formation le 04 et 05 octobre - Fonction cadre, enjeux positionnement et comp\u00e9tences - Centre de formation France terre d&#039;asile","og_description":"Formation le 04 et 05 octobre &#8211; Fonction cadre, enjeux positionnement et comp\u00e9tences Le 04 et 05 octobre prochain se tiendra la formation \u00a0\u00bb Fonction cadre, enjeux, positionnement et comp\u00e9tences\u00a0\u00bb. Gr\u00e2ce \u00e0 cette formation les professionnels du secteur social pourront approfondir leurs connaissances sur diff\u00e9rents points : L&rsquo;appr\u00e9hensions des diff\u00e9rentes dimension de la fonction cadre [&hellip;]","og_url":"https:\/\/formation.france-terre-asile.org\/accueil-2\/formation-fonction-cadre-enjeux-positionnement-et-competences\/","og_site_name":"Centre de formation France terre d&#039;asile","article_published_time":"2021-09-27T09:57:16+00:00","article_modified_time":"2021-10-06T10:06:55+00:00","author":"Arnold Larochelle","twitter_card":"summary_large_image","twitter_misc":{"\u00c9crit par":"Arnold Larochelle","Dur\u00e9e de lecture estim\u00e9e":"1 minute"},"schema":{"@context":"https:\/\/schema.org","@graph":[{"@type":"Article","@id":"https:\/\/formation.france-terre-asile.org\/accueil-2\/formation-fonction-cadre-enjeux-positionnement-et-competences\/#article","isPartOf":{"@id":"https:\/\/formation.france-terre-asile.org\/accueil-2\/formation-fonction-cadre-enjeux-positionnement-et-competences\/"},"author":{"name":"Arnold Larochelle","@id":"https:\/\/formation.france-terre-asile.org\/accueil-2\/#\/schema\/person\/05b85b8ef7fde43b58d4fb6450411437"},"headline":"Formation le 04 et 05 octobre &#8211; Fonction cadre, enjeux positionnement et comp\u00e9tences","datePublished":"2021-09-27T09:57:16+00:00","dateModified":"2021-10-06T10:06:55+00:00","mainEntityOfPage":{"@id":"https:\/\/formation.france-terre-asile.org\/accueil-2\/formation-fonction-cadre-enjeux-positionnement-et-competences\/"},"wordCount":180,"publisher":{"@id":"https:\/\/formation.france-terre-asile.org\/accueil-2\/#organization"},"articleSection":["Archiv\u00e9"],"inLanguage":"fr-FR"},{"@type":"WebPage","@id":"https:\/\/formation.france-terre-asile.org\/accueil-2\/formation-fonction-cadre-enjeux-positionnement-et-competences\/","url":"https:\/\/formation.france-terre-asile.org\/accueil-2\/formation-fonction-cadre-enjeux-positionnement-et-competences\/","name":"Formation le 04 et 05 octobre - Fonction cadre, enjeux positionnement et comp\u00e9tences - Centre de formation France terre d&#039;asile","isPartOf":{"@id":"https:\/\/formation.france-terre-asile.org\/accueil-2\/#website"},"datePublished":"2021-09-27T09:57:16+00:00","dateModified":"2021-10-06T10:06:55+00:00","breadcrumb":{"@id":"https:\/\/formation.france-terre-asile.org\/accueil-2\/formation-fonction-cadre-enjeux-positionnement-et-competences\/#breadcrumb"},"inLanguage":"fr-FR","potentialAction":[{"@type":"ReadAction","target":["https:\/\/formation.france-terre-asile.org\/accueil-2\/formation-fonction-cadre-enjeux-positionnement-et-competences\/"]}]},{"@type":"BreadcrumbList","@id":"https:\/\/formation.france-terre-asile.org\/accueil-2\/formation-fonction-cadre-enjeux-positionnement-et-competences\/#breadcrumb","itemListElement":[{"@type":"ListItem","position":1,"name":"Accueil","item":"https:\/\/formation.france-terre-asile.org\/accueil-2\/"},{"@type":"ListItem","position":2,"name":"Formation le 04 et 05 octobre &#8211; Fonction cadre, enjeux positionnement et comp\u00e9tences"}]},{"@type":"WebSite","@id":"https:\/\/formation.france-terre-asile.org\/accueil-2\/#website","url":"https:\/\/formation.france-terre-asile.org\/accueil-2\/","name":"Centre de formation France terre d&#039;asile","description":"","publisher":{"@id":"https:\/\/formation.france-terre-asile.org\/accueil-2\/#organization"},"potentialAction":[{"@type":"SearchAction","target":{"@type":"EntryPoint","urlTemplate":"https:\/\/formation.france-terre-asile.org\/accueil-2\/?s={search_term_string}"},"query-input":{"@type":"PropertyValueSpecification","valueRequired":true,"valueName":"search_term_string"}}],"inLanguage":"fr-FR"},{"@type":"Organization","@id":"https:\/\/formation.france-terre-asile.org\/accueil-2\/#organization","name":"Centre de formation France Terre d'Asile","url":"https:\/\/formation.france-terre-asile.org\/accueil-2\/","logo":{"@type":"ImageObject","inLanguage":"fr-FR","@id":"https:\/\/formation.france-terre-asile.org\/accueil-2\/#\/schema\/logo\/image\/","url":"https:\/\/formation.france-terre-asile.org\/wp-content\/uploads\/2021\/03\/logo-50ans.png","contentUrl":"https:\/\/formation.france-terre-asile.org\/wp-content\/uploads\/2021\/03\/logo-50ans.png","width":198,"height":114,"caption":"Centre de formation France Terre d'Asile"},"image":{"@id":"https:\/\/formation.france-terre-asile.org\/accueil-2\/#\/schema\/logo\/image\/"}},{"@type":"Person","@id":"https:\/\/formation.france-terre-asile.org\/accueil-2\/#\/schema\/person\/05b85b8ef7fde43b58d4fb6450411437","name":"Arnold Larochelle","image":{"@type":"ImageObject","inLanguage":"fr-FR","@id":"https:\/\/secure.gravatar.com\/avatar\/d30da25799c15329311f3f4cc6d493bc9e711efd13ca18ef4d8d2bc72a826118?s=96&d=mm&r=g","url":"https:\/\/secure.gravatar.com\/avatar\/d30da25799c15329311f3f4cc6d493bc9e711efd13ca18ef4d8d2bc72a826118?s=96&d=mm&r=g","contentUrl":"https:\/\/secure.gravatar.com\/avatar\/d30da25799c15329311f3f4cc6d493bc9e711efd13ca18ef4d8d2bc72a826118?s=96&d=mm&r=g","caption":"Arnold Larochelle"},"url":"https:\/\/formation.france-terre-asile.org\/accueil-2\/author\/formationcf\/"}]}},"uagb_featured_image_src":{"full":false,"thumbnail":false,"medium":false,"medium_large":false,"large":false,"1536x1536":false,"2048x2048":false,"et-pb-post-main-image":false,"et-pb-post-main-image-fullwidth":false,"et-pb-portfolio-image":false,"et-pb-portfolio-module-image":false,"et-pb-portfolio-image-single":false,"et-pb-gallery-module-image-portrait":false,"et-pb-post-main-image-fullwidth-large":false,"et-pb-image--responsive--desktop":false,"et-pb-image--responsive--tablet":false,"et-pb-image--responsive--phone":false},"uagb_author_info":{"display_name":"Arnold Larochelle","author_link":"https:\/\/formation.france-terre-asile.org\/accueil-2\/author\/formationcf\/"},"uagb_comment_info":0,"uagb_excerpt":"Formation le 04 et 05 octobre &#8211; Fonction cadre, enjeux positionnement et comp\u00e9tences Le 04 et 05 octobre prochain se tiendra la formation \u00a0\u00bb Fonction cadre, enjeux, positionnement et comp\u00e9tences\u00a0\u00bb. Gr\u00e2ce \u00e0 cette formation les professionnels du secteur social pourront approfondir leurs connaissances sur diff\u00e9rents points : L&rsquo;appr\u00e9hensions des diff\u00e9rentes dimension de la fonction cadre\u2026","_links":{"self":[{"href":"https:\/\/formation.france-terre-asile.org\/accueil-2\/wp-json\/wp\/v2\/posts\/1693","targetHints":{"allow":["GET"]}}],"collection":[{"href":"https:\/\/formation.france-terre-asile.org\/accueil-2\/wp-json\/wp\/v2\/posts"}],"about":[{"href":"https:\/\/formation.france-terre-asile.org\/accueil-2\/wp-json\/wp\/v2\/types\/post"}],"author":[{"embeddable":true,"href":"https:\/\/formation.france-terre-asile.org\/accueil-2\/wp-json\/wp\/v2\/users\/3"}],"replies":[{"embeddable":true,"href":"https:\/\/formation.france-terre-asile.org\/accueil-2\/wp-json\/wp\/v2\/comments?post=1693"}],"version-history":[{"count":4,"href":"https:\/\/formation.france-terre-asile.org\/accueil-2\/wp-json\/wp\/v2\/posts\/1693\/revisions"}],"predecessor-version":[{"id":1700,"href":"https:\/\/formation.france-terre-asile.org\/accueil-2\/wp-json\/wp\/v2\/posts\/1693\/revisions\/1700"}],"wp:attachment":[{"href":"https:\/\/formation.france-terre-asile.org\/accueil-2\/wp-json\/wp\/v2\/media?parent=1693"}],"wp:term":[{"taxonomy":"category","embeddable":true,"href":"https:\/\/formation.france-terre-asile.org\/accueil-2\/wp-json\/wp\/v2\/categories?post=1693"},{"taxonomy":"post_tag","embeddable":true,"href":"https:\/\/formation.france-terre-asile.org\/accueil-2\/wp-json\/wp\/v2\/tags?post=1693"}],"curies":[{"name":"wp","href":"https:\/\/api.w.org\/{rel}","templated":true}]}}