{"id":1798,"date":"2021-10-04T15:49:31","date_gmt":"2021-10-04T13:49:31","guid":{"rendered":"https:\/\/formation.france-terre-asile.org\/?p=1798"},"modified":"2021-10-26T16:35:44","modified_gmt":"2021-10-26T14:35:44","slug":"formation-le-20-et-21-octobre-mineurs-non-accompagnes-et-acces-a-la-majorite","status":"publish","type":"post","link":"https:\/\/formation.france-terre-asile.org\/accueil-2\/formation-le-20-et-21-octobre-mineurs-non-accompagnes-et-acces-a-la-majorite\/","title":{"rendered":"Formation le 20 et 21 octobre &#8211; Mineurs non accompagn\u00e9s et acc\u00e8s \u00e0 la majorit\u00e9"},"content":{"rendered":"\n<h2 class=\"wp-block-heading\">Formation le 20 et 21 octobre &#8211; Mineurs non accompagn\u00e9s et acc\u00e8s \u00e0 la majorit\u00e9<\/h2>\n\n\n\n<p>Le 20 et 21 octobre prochain se tiendra la formation \u201d Mineurs non accompagn\u00e9s et acc\u00e8s \u00e0 la majorit\u00e9\u201d. Gr\u00e2ce \u00e0 cette formation les professionnels du secteur social pourront approfondir leurs connaissances sur diff\u00e9rents points :<\/p>\n\n\n\n<ul class=\"wp-block-list\"><li>Am\u00e9liorer la qualit\u00e9 de l\u2019information propos\u00e9e et de l\u2019accompagnement du jeune pris en charge par l\u2019aide sociale \u00e0 l\u2019enfance (ASE) souhaitant acc\u00e9der \u00e0 un titre de s\u00e9jour \u00e0 sa majorit\u00e9<\/li><\/ul>\n\n\n\n<ul class=\"wp-block-list\"><li>Conna\u00eetre les diff\u00e9rentes possibilit\u00e9s d\u2019acc\u00e8s au s\u00e9jour et \u00e0 la nationalit\u00e9 fran\u00e7aise<\/li><\/ul>\n\n\n\n<ul class=\"wp-block-list\"><li>Identifier les d\u00e9marches pertinentes selon le profil du jeune<\/li><\/ul>\n\n\n\n<ul class=\"wp-block-list\"><li>Informer et accompagner un jeune faisant face \u00e0 un refus de s\u00e9jour et une mesure d\u2019\u00e9loignement souhaitant exercer son droit de recours<\/li><\/ul>\n\n\n\n<p class=\"has-content-text-color has-text-color\">Cette formation s\u2019adresse \u00e0 tous les professionnels charg\u00e9s de l\u2019accompagnement juridique des demandeurs d\u2019asile. Afin d&rsquo;y participer, <strong>vous devez \u00eatre en poste depuis plus de 6 mois avec une exp\u00e9rience dans l\u2019accompagnement juridique de mineurs non accompagn\u00e9s<\/strong> et\/ou avoir <strong style=\"color: #1b2e5a;\"><a href=\"https:\/\/formation.france-terre-asile.org\/prise-en-charge-et-accompagnement-des-mineurs-non-accompagnes\/\">suivi la formation \u00ab\u00a0Prise en charge et accompagnement des mineurs non accompagn\u00e9s<\/a><\/strong>\u00ab\u00a0<\/p>\n\n\n\n<div class=\"wp-block-uagb-buttons uagb-buttons__outer-wrap uagb-block-89aaca52\"><div class=\"uagb-buttons__wrap uagb-buttons-layout-wrap\">\n<div class=\"wp-block-uagb-buttons-child uagb-buttons__outer-wrap uagb-block-c741838c\"><div class=\"uagb-button__wrapper\"><a class=\"uagb-buttons-repeater\" href=\"https:\/\/formation.france-terre-asile.org\/inscription-aux-formations\/\" rel=\"noopener noreferrer\" target=\"_self\"><div class=\"uagb-button__link\">Je m&rsquo;inscris<\/div><span class=\"uagb-button__icon uagb-button__icon-position-after\"><svg xmlns=\"http:\/\/www.w3.org\/2000\/svg\" viewBox=\"0 0 512 512\"><path d=\"M256 8c137 0 248 111 248 248S393 504 256 504 8 393 8 256 119 8 256 8zM140 300h116v70.9c0 10.7 13 16.1 20.5 8.5l114.3-114.9c4.7-4.7 4.7-12.2 0-16.9l-114.3-115c-7.6-7.6-20.5-2.2-20.5 8.5V212H140c-6.6 0-12 5.4-12 12v64c0 6.6 5.4 12 12 12z\"><\/path><\/svg><\/span><\/a><\/div><\/div>\n<\/div><\/div>\n\n\n\n<p>  <\/p>\n","protected":false},"excerpt":{"rendered":"<p>Formation le 20 et 21 octobre &#8211; Mineurs non accompagn\u00e9s et acc\u00e8s \u00e0 la majorit\u00e9 Le 20 et 21 octobre prochain se tiendra la formation \u201d Mineurs non accompagn\u00e9s et acc\u00e8s \u00e0 la majorit\u00e9\u201d. Gr\u00e2ce \u00e0 cette formation les professionnels du secteur social pourront approfondir leurs connaissances sur diff\u00e9rents points : Am\u00e9liorer la qualit\u00e9 de [&hellip;]<\/p>\n","protected":false},"author":3,"featured_media":0,"comment_status":"closed","ping_status":"closed","sticky":false,"template":"","format":"standard","meta":{"_et_pb_use_builder":"","_et_pb_old_content":"","_et_gb_content_width":"","_uag_custom_page_level_css":"","_monsterinsights_skip_tracking":false,"_monsterinsights_sitenote_active":false,"_monsterinsights_sitenote_note":"","_monsterinsights_sitenote_category":0,"footnotes":""},"categories":[16],"tags":[],"class_list":["post-1798","post","type-post","status-publish","format-standard","hentry","category-archive"],"yoast_head":"<!-- This site is optimized with the Yoast SEO plugin v27.4 - https:\/\/yoast.com\/product\/yoast-seo-wordpress\/ -->\n<title>Formation le 20 et 21 octobre - Mineurs non accompagn\u00e9s et acc\u00e8s \u00e0 la majorit\u00e9 - Centre de formation France terre d&#039;asile<\/title>\n<meta name=\"robots\" content=\"index, follow, max-snippet:-1, max-image-preview:large, max-video-preview:-1\" \/>\n<link rel=\"canonical\" href=\"https:\/\/formation.france-terre-asile.org\/accueil-2\/formation-le-20-et-21-octobre-mineurs-non-accompagnes-et-acces-a-la-majorite\/\" \/>\n<meta property=\"og:locale\" content=\"fr_FR\" \/>\n<meta property=\"og:type\" content=\"article\" \/>\n<meta property=\"og:title\" content=\"Formation le 20 et 21 octobre - Mineurs non accompagn\u00e9s et acc\u00e8s \u00e0 la majorit\u00e9 - Centre de formation France terre d&#039;asile\" \/>\n<meta property=\"og:description\" content=\"Formation le 20 et 21 octobre &#8211; Mineurs non accompagn\u00e9s et acc\u00e8s \u00e0 la majorit\u00e9 Le 20 et 21 octobre prochain se tiendra la formation \u201d Mineurs non accompagn\u00e9s et acc\u00e8s \u00e0 la majorit\u00e9\u201d. Gr\u00e2ce \u00e0 cette formation les professionnels du secteur social pourront approfondir leurs connaissances sur diff\u00e9rents points : Am\u00e9liorer la qualit\u00e9 de [&hellip;]\" \/>\n<meta property=\"og:url\" content=\"https:\/\/formation.france-terre-asile.org\/accueil-2\/formation-le-20-et-21-octobre-mineurs-non-accompagnes-et-acces-a-la-majorite\/\" \/>\n<meta property=\"og:site_name\" content=\"Centre de formation France terre d&#039;asile\" \/>\n<meta property=\"article:published_time\" content=\"2021-10-04T13:49:31+00:00\" \/>\n<meta property=\"article:modified_time\" content=\"2021-10-26T14:35:44+00:00\" \/>\n<meta name=\"author\" content=\"Arnold Larochelle\" \/>\n<meta name=\"twitter:card\" content=\"summary_large_image\" \/>\n<meta name=\"twitter:label1\" content=\"\u00c9crit par\" \/>\n\t<meta name=\"twitter:data1\" content=\"Arnold Larochelle\" \/>\n\t<meta name=\"twitter:label2\" content=\"Dur\u00e9e de lecture estim\u00e9e\" \/>\n\t<meta name=\"twitter:data2\" content=\"1 minute\" \/>\n<script type=\"application\/ld+json\" class=\"yoast-schema-graph\">{\"@context\":\"https:\\\/\\\/schema.org\",\"@graph\":[{\"@type\":\"Article\",\"@id\":\"https:\\\/\\\/formation.france-terre-asile.org\\\/accueil-2\\\/formation-le-20-et-21-octobre-mineurs-non-accompagnes-et-acces-a-la-majorite\\\/#article\",\"isPartOf\":{\"@id\":\"https:\\\/\\\/formation.france-terre-asile.org\\\/accueil-2\\\/formation-le-20-et-21-octobre-mineurs-non-accompagnes-et-acces-a-la-majorite\\\/\"},\"author\":{\"name\":\"Arnold Larochelle\",\"@id\":\"https:\\\/\\\/formation.france-terre-asile.org\\\/accueil-2\\\/#\\\/schema\\\/person\\\/05b85b8ef7fde43b58d4fb6450411437\"},\"headline\":\"Formation le 20 et 21 octobre &#8211; Mineurs non accompagn\u00e9s et acc\u00e8s \u00e0 la majorit\u00e9\",\"datePublished\":\"2021-10-04T13:49:31+00:00\",\"dateModified\":\"2021-10-26T14:35:44+00:00\",\"mainEntityOfPage\":{\"@id\":\"https:\\\/\\\/formation.france-terre-asile.org\\\/accueil-2\\\/formation-le-20-et-21-octobre-mineurs-non-accompagnes-et-acces-a-la-majorite\\\/\"},\"wordCount\":206,\"publisher\":{\"@id\":\"https:\\\/\\\/formation.france-terre-asile.org\\\/accueil-2\\\/#organization\"},\"articleSection\":[\"Archiv\u00e9\"],\"inLanguage\":\"fr-FR\"},{\"@type\":\"WebPage\",\"@id\":\"https:\\\/\\\/formation.france-terre-asile.org\\\/accueil-2\\\/formation-le-20-et-21-octobre-mineurs-non-accompagnes-et-acces-a-la-majorite\\\/\",\"url\":\"https:\\\/\\\/formation.france-terre-asile.org\\\/accueil-2\\\/formation-le-20-et-21-octobre-mineurs-non-accompagnes-et-acces-a-la-majorite\\\/\",\"name\":\"Formation le 20 et 21 octobre - Mineurs non accompagn\u00e9s et acc\u00e8s \u00e0 la majorit\u00e9 - Centre de formation France terre d&#039;asile\",\"isPartOf\":{\"@id\":\"https:\\\/\\\/formation.france-terre-asile.org\\\/accueil-2\\\/#website\"},\"datePublished\":\"2021-10-04T13:49:31+00:00\",\"dateModified\":\"2021-10-26T14:35:44+00:00\",\"breadcrumb\":{\"@id\":\"https:\\\/\\\/formation.france-terre-asile.org\\\/accueil-2\\\/formation-le-20-et-21-octobre-mineurs-non-accompagnes-et-acces-a-la-majorite\\\/#breadcrumb\"},\"inLanguage\":\"fr-FR\",\"potentialAction\":[{\"@type\":\"ReadAction\",\"target\":[\"https:\\\/\\\/formation.france-terre-asile.org\\\/accueil-2\\\/formation-le-20-et-21-octobre-mineurs-non-accompagnes-et-acces-a-la-majorite\\\/\"]}]},{\"@type\":\"BreadcrumbList\",\"@id\":\"https:\\\/\\\/formation.france-terre-asile.org\\\/accueil-2\\\/formation-le-20-et-21-octobre-mineurs-non-accompagnes-et-acces-a-la-majorite\\\/#breadcrumb\",\"itemListElement\":[{\"@type\":\"ListItem\",\"position\":1,\"name\":\"Accueil\",\"item\":\"https:\\\/\\\/formation.france-terre-asile.org\\\/accueil-2\\\/\"},{\"@type\":\"ListItem\",\"position\":2,\"name\":\"Formation le 20 et 21 octobre &#8211; Mineurs non accompagn\u00e9s et acc\u00e8s \u00e0 la majorit\u00e9\"}]},{\"@type\":\"WebSite\",\"@id\":\"https:\\\/\\\/formation.france-terre-asile.org\\\/accueil-2\\\/#website\",\"url\":\"https:\\\/\\\/formation.france-terre-asile.org\\\/accueil-2\\\/\",\"name\":\"Centre de formation France terre d&#039;asile\",\"description\":\"\",\"publisher\":{\"@id\":\"https:\\\/\\\/formation.france-terre-asile.org\\\/accueil-2\\\/#organization\"},\"potentialAction\":[{\"@type\":\"SearchAction\",\"target\":{\"@type\":\"EntryPoint\",\"urlTemplate\":\"https:\\\/\\\/formation.france-terre-asile.org\\\/accueil-2\\\/?s={search_term_string}\"},\"query-input\":{\"@type\":\"PropertyValueSpecification\",\"valueRequired\":true,\"valueName\":\"search_term_string\"}}],\"inLanguage\":\"fr-FR\"},{\"@type\":\"Organization\",\"@id\":\"https:\\\/\\\/formation.france-terre-asile.org\\\/accueil-2\\\/#organization\",\"name\":\"Centre de formation France Terre d'Asile\",\"url\":\"https:\\\/\\\/formation.france-terre-asile.org\\\/accueil-2\\\/\",\"logo\":{\"@type\":\"ImageObject\",\"inLanguage\":\"fr-FR\",\"@id\":\"https:\\\/\\\/formation.france-terre-asile.org\\\/accueil-2\\\/#\\\/schema\\\/logo\\\/image\\\/\",\"url\":\"https:\\\/\\\/formation.france-terre-asile.org\\\/wp-content\\\/uploads\\\/2021\\\/03\\\/logo-50ans.png\",\"contentUrl\":\"https:\\\/\\\/formation.france-terre-asile.org\\\/wp-content\\\/uploads\\\/2021\\\/03\\\/logo-50ans.png\",\"width\":198,\"height\":114,\"caption\":\"Centre de formation France Terre d'Asile\"},\"image\":{\"@id\":\"https:\\\/\\\/formation.france-terre-asile.org\\\/accueil-2\\\/#\\\/schema\\\/logo\\\/image\\\/\"}},{\"@type\":\"Person\",\"@id\":\"https:\\\/\\\/formation.france-terre-asile.org\\\/accueil-2\\\/#\\\/schema\\\/person\\\/05b85b8ef7fde43b58d4fb6450411437\",\"name\":\"Arnold Larochelle\",\"image\":{\"@type\":\"ImageObject\",\"inLanguage\":\"fr-FR\",\"@id\":\"https:\\\/\\\/secure.gravatar.com\\\/avatar\\\/d30da25799c15329311f3f4cc6d493bc9e711efd13ca18ef4d8d2bc72a826118?s=96&d=mm&r=g\",\"url\":\"https:\\\/\\\/secure.gravatar.com\\\/avatar\\\/d30da25799c15329311f3f4cc6d493bc9e711efd13ca18ef4d8d2bc72a826118?s=96&d=mm&r=g\",\"contentUrl\":\"https:\\\/\\\/secure.gravatar.com\\\/avatar\\\/d30da25799c15329311f3f4cc6d493bc9e711efd13ca18ef4d8d2bc72a826118?s=96&d=mm&r=g\",\"caption\":\"Arnold Larochelle\"},\"url\":\"https:\\\/\\\/formation.france-terre-asile.org\\\/accueil-2\\\/author\\\/formationcf\\\/\"}]}<\/script>\n<!-- \/ Yoast SEO plugin. -->","yoast_head_json":{"title":"Formation le 20 et 21 octobre - Mineurs non accompagn\u00e9s et acc\u00e8s \u00e0 la majorit\u00e9 - Centre de formation France terre d&#039;asile","robots":{"index":"index","follow":"follow","max-snippet":"max-snippet:-1","max-image-preview":"max-image-preview:large","max-video-preview":"max-video-preview:-1"},"canonical":"https:\/\/formation.france-terre-asile.org\/accueil-2\/formation-le-20-et-21-octobre-mineurs-non-accompagnes-et-acces-a-la-majorite\/","og_locale":"fr_FR","og_type":"article","og_title":"Formation le 20 et 21 octobre - Mineurs non accompagn\u00e9s et acc\u00e8s \u00e0 la majorit\u00e9 - Centre de formation France terre d&#039;asile","og_description":"Formation le 20 et 21 octobre &#8211; Mineurs non accompagn\u00e9s et acc\u00e8s \u00e0 la majorit\u00e9 Le 20 et 21 octobre prochain se tiendra la formation \u201d Mineurs non accompagn\u00e9s et acc\u00e8s \u00e0 la majorit\u00e9\u201d. Gr\u00e2ce \u00e0 cette formation les professionnels du secteur social pourront approfondir leurs connaissances sur diff\u00e9rents points : Am\u00e9liorer la qualit\u00e9 de [&hellip;]","og_url":"https:\/\/formation.france-terre-asile.org\/accueil-2\/formation-le-20-et-21-octobre-mineurs-non-accompagnes-et-acces-a-la-majorite\/","og_site_name":"Centre de formation France terre d&#039;asile","article_published_time":"2021-10-04T13:49:31+00:00","article_modified_time":"2021-10-26T14:35:44+00:00","author":"Arnold Larochelle","twitter_card":"summary_large_image","twitter_misc":{"\u00c9crit par":"Arnold Larochelle","Dur\u00e9e de lecture estim\u00e9e":"1 minute"},"schema":{"@context":"https:\/\/schema.org","@graph":[{"@type":"Article","@id":"https:\/\/formation.france-terre-asile.org\/accueil-2\/formation-le-20-et-21-octobre-mineurs-non-accompagnes-et-acces-a-la-majorite\/#article","isPartOf":{"@id":"https:\/\/formation.france-terre-asile.org\/accueil-2\/formation-le-20-et-21-octobre-mineurs-non-accompagnes-et-acces-a-la-majorite\/"},"author":{"name":"Arnold Larochelle","@id":"https:\/\/formation.france-terre-asile.org\/accueil-2\/#\/schema\/person\/05b85b8ef7fde43b58d4fb6450411437"},"headline":"Formation le 20 et 21 octobre &#8211; Mineurs non accompagn\u00e9s et acc\u00e8s \u00e0 la majorit\u00e9","datePublished":"2021-10-04T13:49:31+00:00","dateModified":"2021-10-26T14:35:44+00:00","mainEntityOfPage":{"@id":"https:\/\/formation.france-terre-asile.org\/accueil-2\/formation-le-20-et-21-octobre-mineurs-non-accompagnes-et-acces-a-la-majorite\/"},"wordCount":206,"publisher":{"@id":"https:\/\/formation.france-terre-asile.org\/accueil-2\/#organization"},"articleSection":["Archiv\u00e9"],"inLanguage":"fr-FR"},{"@type":"WebPage","@id":"https:\/\/formation.france-terre-asile.org\/accueil-2\/formation-le-20-et-21-octobre-mineurs-non-accompagnes-et-acces-a-la-majorite\/","url":"https:\/\/formation.france-terre-asile.org\/accueil-2\/formation-le-20-et-21-octobre-mineurs-non-accompagnes-et-acces-a-la-majorite\/","name":"Formation le 20 et 21 octobre - Mineurs non accompagn\u00e9s et acc\u00e8s \u00e0 la majorit\u00e9 - Centre de formation France terre d&#039;asile","isPartOf":{"@id":"https:\/\/formation.france-terre-asile.org\/accueil-2\/#website"},"datePublished":"2021-10-04T13:49:31+00:00","dateModified":"2021-10-26T14:35:44+00:00","breadcrumb":{"@id":"https:\/\/formation.france-terre-asile.org\/accueil-2\/formation-le-20-et-21-octobre-mineurs-non-accompagnes-et-acces-a-la-majorite\/#breadcrumb"},"inLanguage":"fr-FR","potentialAction":[{"@type":"ReadAction","target":["https:\/\/formation.france-terre-asile.org\/accueil-2\/formation-le-20-et-21-octobre-mineurs-non-accompagnes-et-acces-a-la-majorite\/"]}]},{"@type":"BreadcrumbList","@id":"https:\/\/formation.france-terre-asile.org\/accueil-2\/formation-le-20-et-21-octobre-mineurs-non-accompagnes-et-acces-a-la-majorite\/#breadcrumb","itemListElement":[{"@type":"ListItem","position":1,"name":"Accueil","item":"https:\/\/formation.france-terre-asile.org\/accueil-2\/"},{"@type":"ListItem","position":2,"name":"Formation le 20 et 21 octobre &#8211; Mineurs non accompagn\u00e9s et acc\u00e8s \u00e0 la majorit\u00e9"}]},{"@type":"WebSite","@id":"https:\/\/formation.france-terre-asile.org\/accueil-2\/#website","url":"https:\/\/formation.france-terre-asile.org\/accueil-2\/","name":"Centre de formation France terre d&#039;asile","description":"","publisher":{"@id":"https:\/\/formation.france-terre-asile.org\/accueil-2\/#organization"},"potentialAction":[{"@type":"SearchAction","target":{"@type":"EntryPoint","urlTemplate":"https:\/\/formation.france-terre-asile.org\/accueil-2\/?s={search_term_string}"},"query-input":{"@type":"PropertyValueSpecification","valueRequired":true,"valueName":"search_term_string"}}],"inLanguage":"fr-FR"},{"@type":"Organization","@id":"https:\/\/formation.france-terre-asile.org\/accueil-2\/#organization","name":"Centre de formation France Terre d'Asile","url":"https:\/\/formation.france-terre-asile.org\/accueil-2\/","logo":{"@type":"ImageObject","inLanguage":"fr-FR","@id":"https:\/\/formation.france-terre-asile.org\/accueil-2\/#\/schema\/logo\/image\/","url":"https:\/\/formation.france-terre-asile.org\/wp-content\/uploads\/2021\/03\/logo-50ans.png","contentUrl":"https:\/\/formation.france-terre-asile.org\/wp-content\/uploads\/2021\/03\/logo-50ans.png","width":198,"height":114,"caption":"Centre de formation France Terre d'Asile"},"image":{"@id":"https:\/\/formation.france-terre-asile.org\/accueil-2\/#\/schema\/logo\/image\/"}},{"@type":"Person","@id":"https:\/\/formation.france-terre-asile.org\/accueil-2\/#\/schema\/person\/05b85b8ef7fde43b58d4fb6450411437","name":"Arnold Larochelle","image":{"@type":"ImageObject","inLanguage":"fr-FR","@id":"https:\/\/secure.gravatar.com\/avatar\/d30da25799c15329311f3f4cc6d493bc9e711efd13ca18ef4d8d2bc72a826118?s=96&d=mm&r=g","url":"https:\/\/secure.gravatar.com\/avatar\/d30da25799c15329311f3f4cc6d493bc9e711efd13ca18ef4d8d2bc72a826118?s=96&d=mm&r=g","contentUrl":"https:\/\/secure.gravatar.com\/avatar\/d30da25799c15329311f3f4cc6d493bc9e711efd13ca18ef4d8d2bc72a826118?s=96&d=mm&r=g","caption":"Arnold Larochelle"},"url":"https:\/\/formation.france-terre-asile.org\/accueil-2\/author\/formationcf\/"}]}},"uagb_featured_image_src":{"full":false,"thumbnail":false,"medium":false,"medium_large":false,"large":false,"1536x1536":false,"2048x2048":false,"et-pb-post-main-image":false,"et-pb-post-main-image-fullwidth":false,"et-pb-portfolio-image":false,"et-pb-portfolio-module-image":false,"et-pb-portfolio-image-single":false,"et-pb-gallery-module-image-portrait":false,"et-pb-post-main-image-fullwidth-large":false,"et-pb-image--responsive--desktop":false,"et-pb-image--responsive--tablet":false,"et-pb-image--responsive--phone":false},"uagb_author_info":{"display_name":"Arnold Larochelle","author_link":"https:\/\/formation.france-terre-asile.org\/accueil-2\/author\/formationcf\/"},"uagb_comment_info":0,"uagb_excerpt":"Formation le 20 et 21 octobre &#8211; Mineurs non accompagn\u00e9s et acc\u00e8s \u00e0 la majorit\u00e9 Le 20 et 21 octobre prochain se tiendra la formation \u201d Mineurs non accompagn\u00e9s et acc\u00e8s \u00e0 la majorit\u00e9\u201d. Gr\u00e2ce \u00e0 cette formation les professionnels du secteur social pourront approfondir leurs connaissances sur diff\u00e9rents points : Am\u00e9liorer la qualit\u00e9 de\u2026","_links":{"self":[{"href":"https:\/\/formation.france-terre-asile.org\/accueil-2\/wp-json\/wp\/v2\/posts\/1798","targetHints":{"allow":["GET"]}}],"collection":[{"href":"https:\/\/formation.france-terre-asile.org\/accueil-2\/wp-json\/wp\/v2\/posts"}],"about":[{"href":"https:\/\/formation.france-terre-asile.org\/accueil-2\/wp-json\/wp\/v2\/types\/post"}],"author":[{"embeddable":true,"href":"https:\/\/formation.france-terre-asile.org\/accueil-2\/wp-json\/wp\/v2\/users\/3"}],"replies":[{"embeddable":true,"href":"https:\/\/formation.france-terre-asile.org\/accueil-2\/wp-json\/wp\/v2\/comments?post=1798"}],"version-history":[{"count":3,"href":"https:\/\/formation.france-terre-asile.org\/accueil-2\/wp-json\/wp\/v2\/posts\/1798\/revisions"}],"predecessor-version":[{"id":1806,"href":"https:\/\/formation.france-terre-asile.org\/accueil-2\/wp-json\/wp\/v2\/posts\/1798\/revisions\/1806"}],"wp:attachment":[{"href":"https:\/\/formation.france-terre-asile.org\/accueil-2\/wp-json\/wp\/v2\/media?parent=1798"}],"wp:term":[{"taxonomy":"category","embeddable":true,"href":"https:\/\/formation.france-terre-asile.org\/accueil-2\/wp-json\/wp\/v2\/categories?post=1798"},{"taxonomy":"post_tag","embeddable":true,"href":"https:\/\/formation.france-terre-asile.org\/accueil-2\/wp-json\/wp\/v2\/tags?post=1798"}],"curies":[{"name":"wp","href":"https:\/\/api.w.org\/{rel}","templated":true}]}}