{"id":1933,"date":"2022-01-17T17:37:08","date_gmt":"2022-01-17T16:37:08","guid":{"rendered":"https:\/\/formation.france-terre-asile.org\/?p=1933"},"modified":"2022-02-22T16:15:44","modified_gmt":"2022-02-22T15:15:44","slug":"le-centre-de-formation-vous-souhaites-ses-meilleurs-2022","status":"publish","type":"post","link":"https:\/\/formation.france-terre-asile.org\/accueil-2\/le-centre-de-formation-vous-souhaites-ses-meilleurs-2022\/","title":{"rendered":"Le centre de formation vous souhaites ses voeux meilleurs 2022"},"content":{"rendered":"\r\n<h2 class=\"wp-block-heading\">Le centre de formation vous souhaites ses meilleurs voeux 2022<\/h2>\r\n\r\n\r\n\r\n<p>Le centre de formation vous adresse ses meilleurs v\u0153ux pour une ann\u00e9e 2022 riche en formation\u00a0!<\/p>\r\n\r\n\r\n\r\n<p>Pour cette nouvelle ann\u00e9e, nous avons des nouveaut\u00e9s concernant les formations\u00a0:<\/p>\r\n\r\n\r\n\r\n<ul class=\"wp-block-list\">\r\n<li>Le catalogue 2022 est disponible sur notre site internet\u00a0! Vous pouvez d\u00e8s \u00e0 pr\u00e9sent le consulter, et vous inscrire aux formations en<strong> <a style=\"color: #1b2e5a;\" href=\"https:\/\/formation.france-terre-asile.org\/catalogue-2022\/\">cliquant ici<\/a><\/strong><\/li>\r\n<li>Le centre de formation a \u00e9largi son offre, et vous propose 8 nouvelles formations en 2022\u00a0:\r\n<ul>\r\n<li>Accompagner le public LGBT+<\/li>\r\n<\/ul>\r\n<ul>\r\n<li>Management op\u00e9rationnel<\/li>\r\n<\/ul>\r\n<ul>\r\n<li>Booster sa communication pour un management efficace<\/li>\r\n<\/ul>\r\n<ul>\r\n<li>Les enjeux du changement<\/li>\r\n<\/ul>\r\n<ul>\r\n<li>Analyse transactionnelle<\/li>\r\n<\/ul>\r\n<ul>\r\n<li>Communication non-violente<\/li>\r\n<\/ul>\r\n<ul>\r\n<li>Travailler avec les demandeurs d\u2019asile souffrant de psychotraumatismes<\/li>\r\n<\/ul>\r\n<ul>\r\n<li>Les primo-arrivants en provenance du Maghreb<\/li>\r\n<\/ul>\r\n<ul>\r\n<li>Bangladesh<\/li>\r\n<\/ul>\r\n<\/li>\r\n<\/ul>\r\n\r\n\r\n\r\n<p>Pour voir l\u2019ensemble des formations propos\u00e9es, consultez la page 2 du catalogue.<\/p>\r\n\r\n\r\n\r\n<ul class=\"wp-block-list\">\r\n<li>D\u00e9sormais, il vous sera possible d\u2019assister \u00e0 des sessions de formations en distanciel via session zoom, et en pr\u00e9sentiel \u00e0 Toulouse\u00a0! (Pour prendre connaissance des formations concern\u00e9es, rendez \u00e0 la page 14 du catalogue de formation 2022.)<\/li>\r\n<\/ul>\r\n\r\n\r\n\r\n<p>Nous souhaitons encore une excellente ann\u00e9e 2022, et sommes impatients de vous revoir au centre de formation\u00a0!<\/p>\r\n\r\n\r\n\r\n<p>&nbsp;<\/p>\r\n","protected":false},"excerpt":{"rendered":"<p>Le centre de formation vous souhaites ses meilleurs voeux 2022 Le centre de formation vous adresse ses meilleurs v\u0153ux pour une ann\u00e9e 2022 riche en formation\u00a0! Pour cette nouvelle ann\u00e9e, nous avons des nouveaut\u00e9s concernant les formations\u00a0: Le catalogue 2022 est disponible sur notre site internet\u00a0! Vous pouvez d\u00e8s \u00e0 pr\u00e9sent le consulter, et vous [&hellip;]<\/p>\n","protected":false},"author":3,"featured_media":1944,"comment_status":"closed","ping_status":"closed","sticky":false,"template":"","format":"standard","meta":{"_et_pb_use_builder":"","_et_pb_old_content":"","_et_gb_content_width":"","_uag_custom_page_level_css":"","_monsterinsights_skip_tracking":false,"_monsterinsights_sitenote_active":false,"_monsterinsights_sitenote_note":"","_monsterinsights_sitenote_category":0,"footnotes":""},"categories":[16],"tags":[],"class_list":["post-1933","post","type-post","status-publish","format-standard","has-post-thumbnail","hentry","category-archive"],"yoast_head":"<!-- This site is optimized with the Yoast SEO plugin v27.4 - https:\/\/yoast.com\/product\/yoast-seo-wordpress\/ -->\n<title>Le centre de formation vous souhaites ses voeux meilleurs 2022 - Centre de formation France terre d&#039;asile<\/title>\n<meta name=\"robots\" content=\"index, follow, max-snippet:-1, max-image-preview:large, max-video-preview:-1\" \/>\n<link rel=\"canonical\" href=\"https:\/\/formation.france-terre-asile.org\/accueil-2\/le-centre-de-formation-vous-souhaites-ses-meilleurs-2022\/\" \/>\n<meta property=\"og:locale\" content=\"fr_FR\" \/>\n<meta property=\"og:type\" content=\"article\" \/>\n<meta property=\"og:title\" content=\"Le centre de formation vous souhaites ses voeux meilleurs 2022 - Centre de formation France terre d&#039;asile\" \/>\n<meta property=\"og:description\" content=\"Le centre de formation vous souhaites ses meilleurs voeux 2022 Le centre de formation vous adresse ses meilleurs v\u0153ux pour une ann\u00e9e 2022 riche en formation\u00a0! Pour cette nouvelle ann\u00e9e, nous avons des nouveaut\u00e9s concernant les formations\u00a0: Le catalogue 2022 est disponible sur notre site internet\u00a0! Vous pouvez d\u00e8s \u00e0 pr\u00e9sent le consulter, et vous [&hellip;]\" \/>\n<meta property=\"og:url\" content=\"https:\/\/formation.france-terre-asile.org\/accueil-2\/le-centre-de-formation-vous-souhaites-ses-meilleurs-2022\/\" \/>\n<meta property=\"og:site_name\" content=\"Centre de formation France terre d&#039;asile\" \/>\n<meta property=\"article:published_time\" content=\"2022-01-17T16:37:08+00:00\" \/>\n<meta property=\"article:modified_time\" content=\"2022-02-22T15:15:44+00:00\" \/>\n<meta property=\"og:image\" content=\"https:\/\/formation.france-terre-asile.org\/wp-content\/uploads\/2022\/01\/carte-de-voeux-2022.jpg\" \/>\n\t<meta property=\"og:image:width\" content=\"1170\" \/>\n\t<meta property=\"og:image:height\" content=\"830\" \/>\n\t<meta property=\"og:image:type\" content=\"image\/jpeg\" \/>\n<meta name=\"author\" content=\"Arnold Larochelle\" \/>\n<meta name=\"twitter:card\" content=\"summary_large_image\" \/>\n<meta name=\"twitter:label1\" content=\"\u00c9crit par\" \/>\n\t<meta name=\"twitter:data1\" content=\"Arnold Larochelle\" \/>\n\t<meta name=\"twitter:label2\" content=\"Dur\u00e9e de lecture estim\u00e9e\" \/>\n\t<meta name=\"twitter:data2\" content=\"1 minute\" \/>\n<script type=\"application\/ld+json\" class=\"yoast-schema-graph\">{\"@context\":\"https:\\\/\\\/schema.org\",\"@graph\":[{\"@type\":\"Article\",\"@id\":\"https:\\\/\\\/formation.france-terre-asile.org\\\/accueil-2\\\/le-centre-de-formation-vous-souhaites-ses-meilleurs-2022\\\/#article\",\"isPartOf\":{\"@id\":\"https:\\\/\\\/formation.france-terre-asile.org\\\/accueil-2\\\/le-centre-de-formation-vous-souhaites-ses-meilleurs-2022\\\/\"},\"author\":{\"name\":\"Arnold Larochelle\",\"@id\":\"https:\\\/\\\/formation.france-terre-asile.org\\\/accueil-2\\\/#\\\/schema\\\/person\\\/05b85b8ef7fde43b58d4fb6450411437\"},\"headline\":\"Le centre de formation vous souhaites ses voeux meilleurs 2022\",\"datePublished\":\"2022-01-17T16:37:08+00:00\",\"dateModified\":\"2022-02-22T15:15:44+00:00\",\"mainEntityOfPage\":{\"@id\":\"https:\\\/\\\/formation.france-terre-asile.org\\\/accueil-2\\\/le-centre-de-formation-vous-souhaites-ses-meilleurs-2022\\\/\"},\"wordCount\":191,\"publisher\":{\"@id\":\"https:\\\/\\\/formation.france-terre-asile.org\\\/accueil-2\\\/#organization\"},\"image\":{\"@id\":\"https:\\\/\\\/formation.france-terre-asile.org\\\/accueil-2\\\/le-centre-de-formation-vous-souhaites-ses-meilleurs-2022\\\/#primaryimage\"},\"thumbnailUrl\":\"https:\\\/\\\/formation.france-terre-asile.org\\\/wp-content\\\/uploads\\\/2022\\\/01\\\/carte-de-voeux-2022.jpg\",\"articleSection\":[\"Archiv\u00e9\"],\"inLanguage\":\"fr-FR\"},{\"@type\":\"WebPage\",\"@id\":\"https:\\\/\\\/formation.france-terre-asile.org\\\/accueil-2\\\/le-centre-de-formation-vous-souhaites-ses-meilleurs-2022\\\/\",\"url\":\"https:\\\/\\\/formation.france-terre-asile.org\\\/accueil-2\\\/le-centre-de-formation-vous-souhaites-ses-meilleurs-2022\\\/\",\"name\":\"Le centre de formation vous souhaites ses voeux meilleurs 2022 - Centre de formation France terre d&#039;asile\",\"isPartOf\":{\"@id\":\"https:\\\/\\\/formation.france-terre-asile.org\\\/accueil-2\\\/#website\"},\"primaryImageOfPage\":{\"@id\":\"https:\\\/\\\/formation.france-terre-asile.org\\\/accueil-2\\\/le-centre-de-formation-vous-souhaites-ses-meilleurs-2022\\\/#primaryimage\"},\"image\":{\"@id\":\"https:\\\/\\\/formation.france-terre-asile.org\\\/accueil-2\\\/le-centre-de-formation-vous-souhaites-ses-meilleurs-2022\\\/#primaryimage\"},\"thumbnailUrl\":\"https:\\\/\\\/formation.france-terre-asile.org\\\/wp-content\\\/uploads\\\/2022\\\/01\\\/carte-de-voeux-2022.jpg\",\"datePublished\":\"2022-01-17T16:37:08+00:00\",\"dateModified\":\"2022-02-22T15:15:44+00:00\",\"breadcrumb\":{\"@id\":\"https:\\\/\\\/formation.france-terre-asile.org\\\/accueil-2\\\/le-centre-de-formation-vous-souhaites-ses-meilleurs-2022\\\/#breadcrumb\"},\"inLanguage\":\"fr-FR\",\"potentialAction\":[{\"@type\":\"ReadAction\",\"target\":[\"https:\\\/\\\/formation.france-terre-asile.org\\\/accueil-2\\\/le-centre-de-formation-vous-souhaites-ses-meilleurs-2022\\\/\"]}]},{\"@type\":\"ImageObject\",\"inLanguage\":\"fr-FR\",\"@id\":\"https:\\\/\\\/formation.france-terre-asile.org\\\/accueil-2\\\/le-centre-de-formation-vous-souhaites-ses-meilleurs-2022\\\/#primaryimage\",\"url\":\"https:\\\/\\\/formation.france-terre-asile.org\\\/wp-content\\\/uploads\\\/2022\\\/01\\\/carte-de-voeux-2022.jpg\",\"contentUrl\":\"https:\\\/\\\/formation.france-terre-asile.org\\\/wp-content\\\/uploads\\\/2022\\\/01\\\/carte-de-voeux-2022.jpg\",\"width\":1170,\"height\":830,\"caption\":\"carte de voeux 2022\"},{\"@type\":\"BreadcrumbList\",\"@id\":\"https:\\\/\\\/formation.france-terre-asile.org\\\/accueil-2\\\/le-centre-de-formation-vous-souhaites-ses-meilleurs-2022\\\/#breadcrumb\",\"itemListElement\":[{\"@type\":\"ListItem\",\"position\":1,\"name\":\"Accueil\",\"item\":\"https:\\\/\\\/formation.france-terre-asile.org\\\/accueil-2\\\/\"},{\"@type\":\"ListItem\",\"position\":2,\"name\":\"Le centre de formation vous souhaites ses voeux meilleurs 2022\"}]},{\"@type\":\"WebSite\",\"@id\":\"https:\\\/\\\/formation.france-terre-asile.org\\\/accueil-2\\\/#website\",\"url\":\"https:\\\/\\\/formation.france-terre-asile.org\\\/accueil-2\\\/\",\"name\":\"Centre de formation France terre d&#039;asile\",\"description\":\"\",\"publisher\":{\"@id\":\"https:\\\/\\\/formation.france-terre-asile.org\\\/accueil-2\\\/#organization\"},\"potentialAction\":[{\"@type\":\"SearchAction\",\"target\":{\"@type\":\"EntryPoint\",\"urlTemplate\":\"https:\\\/\\\/formation.france-terre-asile.org\\\/accueil-2\\\/?s={search_term_string}\"},\"query-input\":{\"@type\":\"PropertyValueSpecification\",\"valueRequired\":true,\"valueName\":\"search_term_string\"}}],\"inLanguage\":\"fr-FR\"},{\"@type\":\"Organization\",\"@id\":\"https:\\\/\\\/formation.france-terre-asile.org\\\/accueil-2\\\/#organization\",\"name\":\"Centre de formation France Terre d'Asile\",\"url\":\"https:\\\/\\\/formation.france-terre-asile.org\\\/accueil-2\\\/\",\"logo\":{\"@type\":\"ImageObject\",\"inLanguage\":\"fr-FR\",\"@id\":\"https:\\\/\\\/formation.france-terre-asile.org\\\/accueil-2\\\/#\\\/schema\\\/logo\\\/image\\\/\",\"url\":\"https:\\\/\\\/formation.france-terre-asile.org\\\/wp-content\\\/uploads\\\/2021\\\/03\\\/logo-50ans.png\",\"contentUrl\":\"https:\\\/\\\/formation.france-terre-asile.org\\\/wp-content\\\/uploads\\\/2021\\\/03\\\/logo-50ans.png\",\"width\":198,\"height\":114,\"caption\":\"Centre de formation France Terre d'Asile\"},\"image\":{\"@id\":\"https:\\\/\\\/formation.france-terre-asile.org\\\/accueil-2\\\/#\\\/schema\\\/logo\\\/image\\\/\"}},{\"@type\":\"Person\",\"@id\":\"https:\\\/\\\/formation.france-terre-asile.org\\\/accueil-2\\\/#\\\/schema\\\/person\\\/05b85b8ef7fde43b58d4fb6450411437\",\"name\":\"Arnold Larochelle\",\"image\":{\"@type\":\"ImageObject\",\"inLanguage\":\"fr-FR\",\"@id\":\"https:\\\/\\\/secure.gravatar.com\\\/avatar\\\/d30da25799c15329311f3f4cc6d493bc9e711efd13ca18ef4d8d2bc72a826118?s=96&d=mm&r=g\",\"url\":\"https:\\\/\\\/secure.gravatar.com\\\/avatar\\\/d30da25799c15329311f3f4cc6d493bc9e711efd13ca18ef4d8d2bc72a826118?s=96&d=mm&r=g\",\"contentUrl\":\"https:\\\/\\\/secure.gravatar.com\\\/avatar\\\/d30da25799c15329311f3f4cc6d493bc9e711efd13ca18ef4d8d2bc72a826118?s=96&d=mm&r=g\",\"caption\":\"Arnold Larochelle\"},\"url\":\"https:\\\/\\\/formation.france-terre-asile.org\\\/accueil-2\\\/author\\\/formationcf\\\/\"}]}<\/script>\n<!-- \/ Yoast SEO plugin. -->","yoast_head_json":{"title":"Le centre de formation vous souhaites ses voeux meilleurs 2022 - Centre de formation France terre d&#039;asile","robots":{"index":"index","follow":"follow","max-snippet":"max-snippet:-1","max-image-preview":"max-image-preview:large","max-video-preview":"max-video-preview:-1"},"canonical":"https:\/\/formation.france-terre-asile.org\/accueil-2\/le-centre-de-formation-vous-souhaites-ses-meilleurs-2022\/","og_locale":"fr_FR","og_type":"article","og_title":"Le centre de formation vous souhaites ses voeux meilleurs 2022 - Centre de formation France terre d&#039;asile","og_description":"Le centre de formation vous souhaites ses meilleurs voeux 2022 Le centre de formation vous adresse ses meilleurs v\u0153ux pour une ann\u00e9e 2022 riche en formation\u00a0! Pour cette nouvelle ann\u00e9e, nous avons des nouveaut\u00e9s concernant les formations\u00a0: Le catalogue 2022 est disponible sur notre site internet\u00a0! Vous pouvez d\u00e8s \u00e0 pr\u00e9sent le consulter, et vous [&hellip;]","og_url":"https:\/\/formation.france-terre-asile.org\/accueil-2\/le-centre-de-formation-vous-souhaites-ses-meilleurs-2022\/","og_site_name":"Centre de formation France terre d&#039;asile","article_published_time":"2022-01-17T16:37:08+00:00","article_modified_time":"2022-02-22T15:15:44+00:00","og_image":[{"width":1170,"height":830,"url":"https:\/\/formation.france-terre-asile.org\/wp-content\/uploads\/2022\/01\/carte-de-voeux-2022.jpg","type":"image\/jpeg"}],"author":"Arnold Larochelle","twitter_card":"summary_large_image","twitter_misc":{"\u00c9crit par":"Arnold Larochelle","Dur\u00e9e de lecture estim\u00e9e":"1 minute"},"schema":{"@context":"https:\/\/schema.org","@graph":[{"@type":"Article","@id":"https:\/\/formation.france-terre-asile.org\/accueil-2\/le-centre-de-formation-vous-souhaites-ses-meilleurs-2022\/#article","isPartOf":{"@id":"https:\/\/formation.france-terre-asile.org\/accueil-2\/le-centre-de-formation-vous-souhaites-ses-meilleurs-2022\/"},"author":{"name":"Arnold Larochelle","@id":"https:\/\/formation.france-terre-asile.org\/accueil-2\/#\/schema\/person\/05b85b8ef7fde43b58d4fb6450411437"},"headline":"Le centre de formation vous souhaites ses voeux meilleurs 2022","datePublished":"2022-01-17T16:37:08+00:00","dateModified":"2022-02-22T15:15:44+00:00","mainEntityOfPage":{"@id":"https:\/\/formation.france-terre-asile.org\/accueil-2\/le-centre-de-formation-vous-souhaites-ses-meilleurs-2022\/"},"wordCount":191,"publisher":{"@id":"https:\/\/formation.france-terre-asile.org\/accueil-2\/#organization"},"image":{"@id":"https:\/\/formation.france-terre-asile.org\/accueil-2\/le-centre-de-formation-vous-souhaites-ses-meilleurs-2022\/#primaryimage"},"thumbnailUrl":"https:\/\/formation.france-terre-asile.org\/wp-content\/uploads\/2022\/01\/carte-de-voeux-2022.jpg","articleSection":["Archiv\u00e9"],"inLanguage":"fr-FR"},{"@type":"WebPage","@id":"https:\/\/formation.france-terre-asile.org\/accueil-2\/le-centre-de-formation-vous-souhaites-ses-meilleurs-2022\/","url":"https:\/\/formation.france-terre-asile.org\/accueil-2\/le-centre-de-formation-vous-souhaites-ses-meilleurs-2022\/","name":"Le centre de formation vous souhaites ses voeux meilleurs 2022 - Centre de formation France terre d&#039;asile","isPartOf":{"@id":"https:\/\/formation.france-terre-asile.org\/accueil-2\/#website"},"primaryImageOfPage":{"@id":"https:\/\/formation.france-terre-asile.org\/accueil-2\/le-centre-de-formation-vous-souhaites-ses-meilleurs-2022\/#primaryimage"},"image":{"@id":"https:\/\/formation.france-terre-asile.org\/accueil-2\/le-centre-de-formation-vous-souhaites-ses-meilleurs-2022\/#primaryimage"},"thumbnailUrl":"https:\/\/formation.france-terre-asile.org\/wp-content\/uploads\/2022\/01\/carte-de-voeux-2022.jpg","datePublished":"2022-01-17T16:37:08+00:00","dateModified":"2022-02-22T15:15:44+00:00","breadcrumb":{"@id":"https:\/\/formation.france-terre-asile.org\/accueil-2\/le-centre-de-formation-vous-souhaites-ses-meilleurs-2022\/#breadcrumb"},"inLanguage":"fr-FR","potentialAction":[{"@type":"ReadAction","target":["https:\/\/formation.france-terre-asile.org\/accueil-2\/le-centre-de-formation-vous-souhaites-ses-meilleurs-2022\/"]}]},{"@type":"ImageObject","inLanguage":"fr-FR","@id":"https:\/\/formation.france-terre-asile.org\/accueil-2\/le-centre-de-formation-vous-souhaites-ses-meilleurs-2022\/#primaryimage","url":"https:\/\/formation.france-terre-asile.org\/wp-content\/uploads\/2022\/01\/carte-de-voeux-2022.jpg","contentUrl":"https:\/\/formation.france-terre-asile.org\/wp-content\/uploads\/2022\/01\/carte-de-voeux-2022.jpg","width":1170,"height":830,"caption":"carte de voeux 2022"},{"@type":"BreadcrumbList","@id":"https:\/\/formation.france-terre-asile.org\/accueil-2\/le-centre-de-formation-vous-souhaites-ses-meilleurs-2022\/#breadcrumb","itemListElement":[{"@type":"ListItem","position":1,"name":"Accueil","item":"https:\/\/formation.france-terre-asile.org\/accueil-2\/"},{"@type":"ListItem","position":2,"name":"Le centre de formation vous souhaites ses voeux meilleurs 2022"}]},{"@type":"WebSite","@id":"https:\/\/formation.france-terre-asile.org\/accueil-2\/#website","url":"https:\/\/formation.france-terre-asile.org\/accueil-2\/","name":"Centre de formation France terre d&#039;asile","description":"","publisher":{"@id":"https:\/\/formation.france-terre-asile.org\/accueil-2\/#organization"},"potentialAction":[{"@type":"SearchAction","target":{"@type":"EntryPoint","urlTemplate":"https:\/\/formation.france-terre-asile.org\/accueil-2\/?s={search_term_string}"},"query-input":{"@type":"PropertyValueSpecification","valueRequired":true,"valueName":"search_term_string"}}],"inLanguage":"fr-FR"},{"@type":"Organization","@id":"https:\/\/formation.france-terre-asile.org\/accueil-2\/#organization","name":"Centre de formation France Terre d'Asile","url":"https:\/\/formation.france-terre-asile.org\/accueil-2\/","logo":{"@type":"ImageObject","inLanguage":"fr-FR","@id":"https:\/\/formation.france-terre-asile.org\/accueil-2\/#\/schema\/logo\/image\/","url":"https:\/\/formation.france-terre-asile.org\/wp-content\/uploads\/2021\/03\/logo-50ans.png","contentUrl":"https:\/\/formation.france-terre-asile.org\/wp-content\/uploads\/2021\/03\/logo-50ans.png","width":198,"height":114,"caption":"Centre de formation France Terre d'Asile"},"image":{"@id":"https:\/\/formation.france-terre-asile.org\/accueil-2\/#\/schema\/logo\/image\/"}},{"@type":"Person","@id":"https:\/\/formation.france-terre-asile.org\/accueil-2\/#\/schema\/person\/05b85b8ef7fde43b58d4fb6450411437","name":"Arnold Larochelle","image":{"@type":"ImageObject","inLanguage":"fr-FR","@id":"https:\/\/secure.gravatar.com\/avatar\/d30da25799c15329311f3f4cc6d493bc9e711efd13ca18ef4d8d2bc72a826118?s=96&d=mm&r=g","url":"https:\/\/secure.gravatar.com\/avatar\/d30da25799c15329311f3f4cc6d493bc9e711efd13ca18ef4d8d2bc72a826118?s=96&d=mm&r=g","contentUrl":"https:\/\/secure.gravatar.com\/avatar\/d30da25799c15329311f3f4cc6d493bc9e711efd13ca18ef4d8d2bc72a826118?s=96&d=mm&r=g","caption":"Arnold Larochelle"},"url":"https:\/\/formation.france-terre-asile.org\/accueil-2\/author\/formationcf\/"}]}},"uagb_featured_image_src":{"full":["https:\/\/formation.france-terre-asile.org\/wp-content\/uploads\/2022\/01\/carte-de-voeux-2022.jpg",1170,830,false],"thumbnail":["https:\/\/formation.france-terre-asile.org\/wp-content\/uploads\/2022\/01\/carte-de-voeux-2022-150x150.jpg",150,150,true],"medium":["https:\/\/formation.france-terre-asile.org\/wp-content\/uploads\/2022\/01\/carte-de-voeux-2022-300x213.jpg",300,213,true],"medium_large":["https:\/\/formation.france-terre-asile.org\/wp-content\/uploads\/2022\/01\/carte-de-voeux-2022.jpg",768,545,false],"large":["https:\/\/formation.france-terre-asile.org\/wp-content\/uploads\/2022\/01\/carte-de-voeux-2022-1024x726.jpg",1024,726,true],"1536x1536":["https:\/\/formation.france-terre-asile.org\/wp-content\/uploads\/2022\/01\/carte-de-voeux-2022.jpg",1170,830,false],"2048x2048":["https:\/\/formation.france-terre-asile.org\/wp-content\/uploads\/2022\/01\/carte-de-voeux-2022.jpg",1170,830,false],"et-pb-post-main-image":["https:\/\/formation.france-terre-asile.org\/wp-content\/uploads\/2022\/01\/carte-de-voeux-2022.jpg",352,250,false],"et-pb-post-main-image-fullwidth":["https:\/\/formation.france-terre-asile.org\/wp-content\/uploads\/2022\/01\/carte-de-voeux-2022.jpg",952,675,false],"et-pb-portfolio-image":["https:\/\/formation.france-terre-asile.org\/wp-content\/uploads\/2022\/01\/carte-de-voeux-2022.jpg",400,284,false],"et-pb-portfolio-module-image":["https:\/\/formation.france-terre-asile.org\/wp-content\/uploads\/2022\/01\/carte-de-voeux-2022.jpg",510,362,false],"et-pb-portfolio-image-single":["https:\/\/formation.france-terre-asile.org\/wp-content\/uploads\/2022\/01\/carte-de-voeux-2022.jpg",1080,766,false],"et-pb-gallery-module-image-portrait":["https:\/\/formation.france-terre-asile.org\/wp-content\/uploads\/2022\/01\/carte-de-voeux-2022.jpg",400,284,false],"et-pb-post-main-image-fullwidth-large":["https:\/\/formation.france-terre-asile.org\/wp-content\/uploads\/2022\/01\/carte-de-voeux-2022.jpg",1170,830,false],"et-pb-image--responsive--desktop":["https:\/\/formation.france-terre-asile.org\/wp-content\/uploads\/2022\/01\/carte-de-voeux-2022.jpg",1015,720,false],"et-pb-image--responsive--tablet":["https:\/\/formation.france-terre-asile.org\/wp-content\/uploads\/2022\/01\/carte-de-voeux-2022.jpg",777,551,false],"et-pb-image--responsive--phone":["https:\/\/formation.france-terre-asile.org\/wp-content\/uploads\/2022\/01\/carte-de-voeux-2022.jpg",381,270,false]},"uagb_author_info":{"display_name":"Arnold Larochelle","author_link":"https:\/\/formation.france-terre-asile.org\/accueil-2\/author\/formationcf\/"},"uagb_comment_info":0,"uagb_excerpt":"Le centre de formation vous souhaites ses meilleurs voeux 2022 Le centre de formation vous adresse ses meilleurs v\u0153ux pour une ann\u00e9e 2022 riche en formation\u00a0! Pour cette nouvelle ann\u00e9e, nous avons des nouveaut\u00e9s concernant les formations\u00a0: Le catalogue 2022 est disponible sur notre site internet\u00a0! Vous pouvez d\u00e8s \u00e0 pr\u00e9sent le consulter, et vous\u2026","_links":{"self":[{"href":"https:\/\/formation.france-terre-asile.org\/accueil-2\/wp-json\/wp\/v2\/posts\/1933","targetHints":{"allow":["GET"]}}],"collection":[{"href":"https:\/\/formation.france-terre-asile.org\/accueil-2\/wp-json\/wp\/v2\/posts"}],"about":[{"href":"https:\/\/formation.france-terre-asile.org\/accueil-2\/wp-json\/wp\/v2\/types\/post"}],"author":[{"embeddable":true,"href":"https:\/\/formation.france-terre-asile.org\/accueil-2\/wp-json\/wp\/v2\/users\/3"}],"replies":[{"embeddable":true,"href":"https:\/\/formation.france-terre-asile.org\/accueil-2\/wp-json\/wp\/v2\/comments?post=1933"}],"version-history":[{"count":5,"href":"https:\/\/formation.france-terre-asile.org\/accueil-2\/wp-json\/wp\/v2\/posts\/1933\/revisions"}],"predecessor-version":[{"id":1948,"href":"https:\/\/formation.france-terre-asile.org\/accueil-2\/wp-json\/wp\/v2\/posts\/1933\/revisions\/1948"}],"wp:featuredmedia":[{"embeddable":true,"href":"https:\/\/formation.france-terre-asile.org\/accueil-2\/wp-json\/wp\/v2\/media\/1944"}],"wp:attachment":[{"href":"https:\/\/formation.france-terre-asile.org\/accueil-2\/wp-json\/wp\/v2\/media?parent=1933"}],"wp:term":[{"taxonomy":"category","embeddable":true,"href":"https:\/\/formation.france-terre-asile.org\/accueil-2\/wp-json\/wp\/v2\/categories?post=1933"},{"taxonomy":"post_tag","embeddable":true,"href":"https:\/\/formation.france-terre-asile.org\/accueil-2\/wp-json\/wp\/v2\/tags?post=1933"}],"curies":[{"name":"wp","href":"https:\/\/api.w.org\/{rel}","templated":true}]}}