{"id":2171,"date":"2022-02-22T16:15:15","date_gmt":"2022-02-22T15:15:15","guid":{"rendered":"https:\/\/formation.france-terre-asile.org\/?p=2171"},"modified":"2022-03-09T17:32:42","modified_gmt":"2022-03-09T16:32:42","slug":"formation-le-7-et-8-mars-2022-aide-aux-dossiers-niveau-2-la-procedure-cnda-le-7-et-8-mars","status":"publish","type":"post","link":"https:\/\/formation.france-terre-asile.org\/accueil-2\/formation-le-7-et-8-mars-2022-aide-aux-dossiers-niveau-2-la-procedure-cnda-le-7-et-8-mars\/","title":{"rendered":"Formation le 7 et 8 mars 2022 &#8211; Aide aux dossiers niveau 2 &#8211; La proc\u00e9dure CNDA"},"content":{"rendered":"\n<h2 class=\"wp-block-heading\" id=\"aide-aux-dossiers-niveau-2-la-procedure-cnda-le-7-et-8-mars\">Aide aux dossiers niveau 2 &#8211; La proc\u00e9dure CNDA le 7 et 8 mars<\/h2>\n\n\n\n<p>Le 07 et 08 mars prochain se tiendra la formation \u201d Aide aux dossier niveau 2 &#8211; La proc\u00e9dure CNDA\u201d. Gr\u00e2ce \u00e0 cette formation les professionnels du secteur social pourront approfondir leurs connaissances sur diff\u00e9rents points :<\/p>\n\n\n\n<ul class=\"wp-block-list\"><li>Accompagner les personnes souhaitant faire valoir leur droit au recours suite au rejet de leur demande par l\u2019office fran\u00e7ais de protection des r\u00e9fugi\u00e9s et apatrides.<\/li><li>Savoir mettre en \u0153uvre les premi\u00e8res d\u00e9marches pour pr\u00e9server la possibilit\u00e9 d\u2019appel : d\u00e9p\u00f4t d\u2019une demande d\u2019aide juridictionnelle et introduction d\u2019un recours sommaire<\/li><li>R\u00e9diger un argumentaire contre la d\u00e9cision de rejet gr\u00e2ce \u00e0 une analyse approfondie du r\u00e9cit de vie et des \u00e9crits de l\u2019OFPRA<\/li><li>Informer et pr\u00e9parer le demandeur d\u2019asile convoqu\u00e9 \u00e0 une audience aupr\u00e8s de la cour nationale du droit d\u2019asile<\/li><\/ul>\n\n\n\n<p>Cette formation s\u2019adresse \u00e0 tous les professionnels charg\u00e9 de l&rsquo;accompagnement des demandeurs d&rsquo;asile. Afin d&rsquo;y participer vous devez \u00eatre en poste depuis plus de 6mois, avec une exp\u00e9rience dans l&rsquo;accompagnement juridique, ou avoir suivi la formation \u00ab\u00a0Les fondamentaux du droit des \u00e9trangers\u00a0\u00bb .<\/p>\n\n\n\n<div class=\"wp-block-uagb-buttons uagb-buttons__outer-wrap uagb-block-89aaca52\"><div class=\"uagb-buttons__wrap uagb-buttons-layout-wrap\">\n<div class=\"wp-block-uagb-buttons-child uagb-buttons__outer-wrap uagb-block-c741838c\"><div class=\"uagb-button__wrapper\"><a class=\"uagb-buttons-repeater\" href=\"https:\/\/formation.france-terre-asile.org\/inscription-aux-formations\/\" rel=\"noopener noreferrer\" target=\"_self\"><div class=\"uagb-button__link\">Je m&rsquo;inscris<\/div><span class=\"uagb-button__icon uagb-button__icon-position-after\"><svg xmlns=\"http:\/\/www.w3.org\/2000\/svg\" viewBox=\"0 0 512 512\"><path d=\"M256 8c137 0 248 111 248 248S393 504 256 504 8 393 8 256 119 8 256 8zM140 300h116v70.9c0 10.7 13 16.1 20.5 8.5l114.3-114.9c4.7-4.7 4.7-12.2 0-16.9l-114.3-115c-7.6-7.6-20.5-2.2-20.5 8.5V212H140c-6.6 0-12 5.4-12 12v64c0 6.6 5.4 12 12 12z\"><\/path><\/svg><\/span><\/a><\/div><\/div>\n<\/div><\/div>\n","protected":false},"excerpt":{"rendered":"<p>Aide aux dossiers niveau 2 &#8211; La proc\u00e9dure CNDA le 7 et 8 mars Le 07 et 08 mars prochain se tiendra la formation \u201d Aide aux dossier niveau 2 &#8211; La proc\u00e9dure CNDA\u201d. Gr\u00e2ce \u00e0 cette formation les professionnels du secteur social pourront approfondir leurs connaissances sur diff\u00e9rents points : Accompagner les personnes souhaitant [&hellip;]<\/p>\n","protected":false},"author":3,"featured_media":2176,"comment_status":"closed","ping_status":"closed","sticky":false,"template":"","format":"standard","meta":{"_et_pb_use_builder":"","_et_pb_old_content":"","_et_gb_content_width":"","_uag_custom_page_level_css":"","_monsterinsights_skip_tracking":false,"_monsterinsights_sitenote_active":false,"_monsterinsights_sitenote_note":"","_monsterinsights_sitenote_category":0,"footnotes":""},"categories":[16],"tags":[],"class_list":["post-2171","post","type-post","status-publish","format-standard","has-post-thumbnail","hentry","category-archive"],"yoast_head":"<!-- This site is optimized with the Yoast SEO plugin v27.4 - https:\/\/yoast.com\/product\/yoast-seo-wordpress\/ -->\n<title>Formation le 7 et 8 mars 2022 - Aide aux dossiers niveau 2 - La proc\u00e9dure CNDA - Centre de formation France terre d&#039;asile<\/title>\n<meta name=\"robots\" content=\"index, follow, max-snippet:-1, max-image-preview:large, max-video-preview:-1\" \/>\n<link rel=\"canonical\" href=\"https:\/\/formation.france-terre-asile.org\/accueil-2\/formation-le-7-et-8-mars-2022-aide-aux-dossiers-niveau-2-la-procedure-cnda-le-7-et-8-mars\/\" \/>\n<meta property=\"og:locale\" content=\"fr_FR\" \/>\n<meta property=\"og:type\" content=\"article\" \/>\n<meta property=\"og:title\" content=\"Formation le 7 et 8 mars 2022 - Aide aux dossiers niveau 2 - La proc\u00e9dure CNDA - Centre de formation France terre d&#039;asile\" \/>\n<meta property=\"og:description\" content=\"Aide aux dossiers niveau 2 &#8211; La proc\u00e9dure CNDA le 7 et 8 mars Le 07 et 08 mars prochain se tiendra la formation \u201d Aide aux dossier niveau 2 &#8211; La proc\u00e9dure CNDA\u201d. Gr\u00e2ce \u00e0 cette formation les professionnels du secteur social pourront approfondir leurs connaissances sur diff\u00e9rents points : Accompagner les personnes souhaitant [&hellip;]\" \/>\n<meta property=\"og:url\" content=\"https:\/\/formation.france-terre-asile.org\/accueil-2\/formation-le-7-et-8-mars-2022-aide-aux-dossiers-niveau-2-la-procedure-cnda-le-7-et-8-mars\/\" \/>\n<meta property=\"og:site_name\" content=\"Centre de formation France terre d&#039;asile\" \/>\n<meta property=\"article:published_time\" content=\"2022-02-22T15:15:15+00:00\" \/>\n<meta property=\"article:modified_time\" content=\"2022-03-09T16:32:42+00:00\" \/>\n<meta property=\"og:image\" content=\"https:\/\/formation.france-terre-asile.org\/wp-content\/uploads\/2022\/02\/17936256lpw-17936251-article-jpg_5879964.jpg\" \/>\n\t<meta property=\"og:image:width\" content=\"980\" \/>\n\t<meta property=\"og:image:height\" content=\"426\" \/>\n\t<meta property=\"og:image:type\" content=\"image\/jpeg\" \/>\n<meta name=\"author\" content=\"Arnold Larochelle\" \/>\n<meta name=\"twitter:card\" content=\"summary_large_image\" \/>\n<meta name=\"twitter:label1\" content=\"\u00c9crit par\" \/>\n\t<meta name=\"twitter:data1\" content=\"Arnold Larochelle\" \/>\n\t<meta name=\"twitter:label2\" content=\"Dur\u00e9e de lecture estim\u00e9e\" \/>\n\t<meta name=\"twitter:data2\" content=\"1 minute\" \/>\n<script type=\"application\/ld+json\" class=\"yoast-schema-graph\">{\"@context\":\"https:\\\/\\\/schema.org\",\"@graph\":[{\"@type\":\"Article\",\"@id\":\"https:\\\/\\\/formation.france-terre-asile.org\\\/accueil-2\\\/formation-le-7-et-8-mars-2022-aide-aux-dossiers-niveau-2-la-procedure-cnda-le-7-et-8-mars\\\/#article\",\"isPartOf\":{\"@id\":\"https:\\\/\\\/formation.france-terre-asile.org\\\/accueil-2\\\/formation-le-7-et-8-mars-2022-aide-aux-dossiers-niveau-2-la-procedure-cnda-le-7-et-8-mars\\\/\"},\"author\":{\"name\":\"Arnold Larochelle\",\"@id\":\"https:\\\/\\\/formation.france-terre-asile.org\\\/accueil-2\\\/#\\\/schema\\\/person\\\/05b85b8ef7fde43b58d4fb6450411437\"},\"headline\":\"Formation le 7 et 8 mars 2022 &#8211; Aide aux dossiers niveau 2 &#8211; La proc\u00e9dure CNDA\",\"datePublished\":\"2022-02-22T15:15:15+00:00\",\"dateModified\":\"2022-03-09T16:32:42+00:00\",\"mainEntityOfPage\":{\"@id\":\"https:\\\/\\\/formation.france-terre-asile.org\\\/accueil-2\\\/formation-le-7-et-8-mars-2022-aide-aux-dossiers-niveau-2-la-procedure-cnda-le-7-et-8-mars\\\/\"},\"wordCount\":210,\"publisher\":{\"@id\":\"https:\\\/\\\/formation.france-terre-asile.org\\\/accueil-2\\\/#organization\"},\"image\":{\"@id\":\"https:\\\/\\\/formation.france-terre-asile.org\\\/accueil-2\\\/formation-le-7-et-8-mars-2022-aide-aux-dossiers-niveau-2-la-procedure-cnda-le-7-et-8-mars\\\/#primaryimage\"},\"thumbnailUrl\":\"https:\\\/\\\/formation.france-terre-asile.org\\\/wp-content\\\/uploads\\\/2022\\\/02\\\/17936256lpw-17936251-article-jpg_5879964.jpg\",\"articleSection\":[\"Archiv\u00e9\"],\"inLanguage\":\"fr-FR\"},{\"@type\":\"WebPage\",\"@id\":\"https:\\\/\\\/formation.france-terre-asile.org\\\/accueil-2\\\/formation-le-7-et-8-mars-2022-aide-aux-dossiers-niveau-2-la-procedure-cnda-le-7-et-8-mars\\\/\",\"url\":\"https:\\\/\\\/formation.france-terre-asile.org\\\/accueil-2\\\/formation-le-7-et-8-mars-2022-aide-aux-dossiers-niveau-2-la-procedure-cnda-le-7-et-8-mars\\\/\",\"name\":\"Formation le 7 et 8 mars 2022 - Aide aux dossiers niveau 2 - La proc\u00e9dure CNDA - Centre de formation France terre d&#039;asile\",\"isPartOf\":{\"@id\":\"https:\\\/\\\/formation.france-terre-asile.org\\\/accueil-2\\\/#website\"},\"primaryImageOfPage\":{\"@id\":\"https:\\\/\\\/formation.france-terre-asile.org\\\/accueil-2\\\/formation-le-7-et-8-mars-2022-aide-aux-dossiers-niveau-2-la-procedure-cnda-le-7-et-8-mars\\\/#primaryimage\"},\"image\":{\"@id\":\"https:\\\/\\\/formation.france-terre-asile.org\\\/accueil-2\\\/formation-le-7-et-8-mars-2022-aide-aux-dossiers-niveau-2-la-procedure-cnda-le-7-et-8-mars\\\/#primaryimage\"},\"thumbnailUrl\":\"https:\\\/\\\/formation.france-terre-asile.org\\\/wp-content\\\/uploads\\\/2022\\\/02\\\/17936256lpw-17936251-article-jpg_5879964.jpg\",\"datePublished\":\"2022-02-22T15:15:15+00:00\",\"dateModified\":\"2022-03-09T16:32:42+00:00\",\"breadcrumb\":{\"@id\":\"https:\\\/\\\/formation.france-terre-asile.org\\\/accueil-2\\\/formation-le-7-et-8-mars-2022-aide-aux-dossiers-niveau-2-la-procedure-cnda-le-7-et-8-mars\\\/#breadcrumb\"},\"inLanguage\":\"fr-FR\",\"potentialAction\":[{\"@type\":\"ReadAction\",\"target\":[\"https:\\\/\\\/formation.france-terre-asile.org\\\/accueil-2\\\/formation-le-7-et-8-mars-2022-aide-aux-dossiers-niveau-2-la-procedure-cnda-le-7-et-8-mars\\\/\"]}]},{\"@type\":\"ImageObject\",\"inLanguage\":\"fr-FR\",\"@id\":\"https:\\\/\\\/formation.france-terre-asile.org\\\/accueil-2\\\/formation-le-7-et-8-mars-2022-aide-aux-dossiers-niveau-2-la-procedure-cnda-le-7-et-8-mars\\\/#primaryimage\",\"url\":\"https:\\\/\\\/formation.france-terre-asile.org\\\/wp-content\\\/uploads\\\/2022\\\/02\\\/17936256lpw-17936251-article-jpg_5879964.jpg\",\"contentUrl\":\"https:\\\/\\\/formation.france-terre-asile.org\\\/wp-content\\\/uploads\\\/2022\\\/02\\\/17936256lpw-17936251-article-jpg_5879964.jpg\",\"width\":980,\"height\":426,\"caption\":\"Photo formation - Aide aux dossiers niveau 2\"},{\"@type\":\"BreadcrumbList\",\"@id\":\"https:\\\/\\\/formation.france-terre-asile.org\\\/accueil-2\\\/formation-le-7-et-8-mars-2022-aide-aux-dossiers-niveau-2-la-procedure-cnda-le-7-et-8-mars\\\/#breadcrumb\",\"itemListElement\":[{\"@type\":\"ListItem\",\"position\":1,\"name\":\"Accueil\",\"item\":\"https:\\\/\\\/formation.france-terre-asile.org\\\/accueil-2\\\/\"},{\"@type\":\"ListItem\",\"position\":2,\"name\":\"Formation le 7 et 8 mars 2022 &#8211; Aide aux dossiers niveau 2 &#8211; La proc\u00e9dure CNDA\"}]},{\"@type\":\"WebSite\",\"@id\":\"https:\\\/\\\/formation.france-terre-asile.org\\\/accueil-2\\\/#website\",\"url\":\"https:\\\/\\\/formation.france-terre-asile.org\\\/accueil-2\\\/\",\"name\":\"Centre de formation France terre d&#039;asile\",\"description\":\"\",\"publisher\":{\"@id\":\"https:\\\/\\\/formation.france-terre-asile.org\\\/accueil-2\\\/#organization\"},\"potentialAction\":[{\"@type\":\"SearchAction\",\"target\":{\"@type\":\"EntryPoint\",\"urlTemplate\":\"https:\\\/\\\/formation.france-terre-asile.org\\\/accueil-2\\\/?s={search_term_string}\"},\"query-input\":{\"@type\":\"PropertyValueSpecification\",\"valueRequired\":true,\"valueName\":\"search_term_string\"}}],\"inLanguage\":\"fr-FR\"},{\"@type\":\"Organization\",\"@id\":\"https:\\\/\\\/formation.france-terre-asile.org\\\/accueil-2\\\/#organization\",\"name\":\"Centre de formation France Terre d'Asile\",\"url\":\"https:\\\/\\\/formation.france-terre-asile.org\\\/accueil-2\\\/\",\"logo\":{\"@type\":\"ImageObject\",\"inLanguage\":\"fr-FR\",\"@id\":\"https:\\\/\\\/formation.france-terre-asile.org\\\/accueil-2\\\/#\\\/schema\\\/logo\\\/image\\\/\",\"url\":\"https:\\\/\\\/formation.france-terre-asile.org\\\/wp-content\\\/uploads\\\/2021\\\/03\\\/logo-50ans.png\",\"contentUrl\":\"https:\\\/\\\/formation.france-terre-asile.org\\\/wp-content\\\/uploads\\\/2021\\\/03\\\/logo-50ans.png\",\"width\":198,\"height\":114,\"caption\":\"Centre de formation France Terre d'Asile\"},\"image\":{\"@id\":\"https:\\\/\\\/formation.france-terre-asile.org\\\/accueil-2\\\/#\\\/schema\\\/logo\\\/image\\\/\"}},{\"@type\":\"Person\",\"@id\":\"https:\\\/\\\/formation.france-terre-asile.org\\\/accueil-2\\\/#\\\/schema\\\/person\\\/05b85b8ef7fde43b58d4fb6450411437\",\"name\":\"Arnold Larochelle\",\"image\":{\"@type\":\"ImageObject\",\"inLanguage\":\"fr-FR\",\"@id\":\"https:\\\/\\\/secure.gravatar.com\\\/avatar\\\/d30da25799c15329311f3f4cc6d493bc9e711efd13ca18ef4d8d2bc72a826118?s=96&d=mm&r=g\",\"url\":\"https:\\\/\\\/secure.gravatar.com\\\/avatar\\\/d30da25799c15329311f3f4cc6d493bc9e711efd13ca18ef4d8d2bc72a826118?s=96&d=mm&r=g\",\"contentUrl\":\"https:\\\/\\\/secure.gravatar.com\\\/avatar\\\/d30da25799c15329311f3f4cc6d493bc9e711efd13ca18ef4d8d2bc72a826118?s=96&d=mm&r=g\",\"caption\":\"Arnold Larochelle\"},\"url\":\"https:\\\/\\\/formation.france-terre-asile.org\\\/accueil-2\\\/author\\\/formationcf\\\/\"}]}<\/script>\n<!-- \/ Yoast SEO plugin. -->","yoast_head_json":{"title":"Formation le 7 et 8 mars 2022 - Aide aux dossiers niveau 2 - La proc\u00e9dure CNDA - Centre de formation France terre d&#039;asile","robots":{"index":"index","follow":"follow","max-snippet":"max-snippet:-1","max-image-preview":"max-image-preview:large","max-video-preview":"max-video-preview:-1"},"canonical":"https:\/\/formation.france-terre-asile.org\/accueil-2\/formation-le-7-et-8-mars-2022-aide-aux-dossiers-niveau-2-la-procedure-cnda-le-7-et-8-mars\/","og_locale":"fr_FR","og_type":"article","og_title":"Formation le 7 et 8 mars 2022 - Aide aux dossiers niveau 2 - La proc\u00e9dure CNDA - Centre de formation France terre d&#039;asile","og_description":"Aide aux dossiers niveau 2 &#8211; La proc\u00e9dure CNDA le 7 et 8 mars Le 07 et 08 mars prochain se tiendra la formation \u201d Aide aux dossier niveau 2 &#8211; La proc\u00e9dure CNDA\u201d. Gr\u00e2ce \u00e0 cette formation les professionnels du secteur social pourront approfondir leurs connaissances sur diff\u00e9rents points : Accompagner les personnes souhaitant [&hellip;]","og_url":"https:\/\/formation.france-terre-asile.org\/accueil-2\/formation-le-7-et-8-mars-2022-aide-aux-dossiers-niveau-2-la-procedure-cnda-le-7-et-8-mars\/","og_site_name":"Centre de formation France terre d&#039;asile","article_published_time":"2022-02-22T15:15:15+00:00","article_modified_time":"2022-03-09T16:32:42+00:00","og_image":[{"width":980,"height":426,"url":"https:\/\/formation.france-terre-asile.org\/wp-content\/uploads\/2022\/02\/17936256lpw-17936251-article-jpg_5879964.jpg","type":"image\/jpeg"}],"author":"Arnold Larochelle","twitter_card":"summary_large_image","twitter_misc":{"\u00c9crit par":"Arnold Larochelle","Dur\u00e9e de lecture estim\u00e9e":"1 minute"},"schema":{"@context":"https:\/\/schema.org","@graph":[{"@type":"Article","@id":"https:\/\/formation.france-terre-asile.org\/accueil-2\/formation-le-7-et-8-mars-2022-aide-aux-dossiers-niveau-2-la-procedure-cnda-le-7-et-8-mars\/#article","isPartOf":{"@id":"https:\/\/formation.france-terre-asile.org\/accueil-2\/formation-le-7-et-8-mars-2022-aide-aux-dossiers-niveau-2-la-procedure-cnda-le-7-et-8-mars\/"},"author":{"name":"Arnold Larochelle","@id":"https:\/\/formation.france-terre-asile.org\/accueil-2\/#\/schema\/person\/05b85b8ef7fde43b58d4fb6450411437"},"headline":"Formation le 7 et 8 mars 2022 &#8211; Aide aux dossiers niveau 2 &#8211; La proc\u00e9dure CNDA","datePublished":"2022-02-22T15:15:15+00:00","dateModified":"2022-03-09T16:32:42+00:00","mainEntityOfPage":{"@id":"https:\/\/formation.france-terre-asile.org\/accueil-2\/formation-le-7-et-8-mars-2022-aide-aux-dossiers-niveau-2-la-procedure-cnda-le-7-et-8-mars\/"},"wordCount":210,"publisher":{"@id":"https:\/\/formation.france-terre-asile.org\/accueil-2\/#organization"},"image":{"@id":"https:\/\/formation.france-terre-asile.org\/accueil-2\/formation-le-7-et-8-mars-2022-aide-aux-dossiers-niveau-2-la-procedure-cnda-le-7-et-8-mars\/#primaryimage"},"thumbnailUrl":"https:\/\/formation.france-terre-asile.org\/wp-content\/uploads\/2022\/02\/17936256lpw-17936251-article-jpg_5879964.jpg","articleSection":["Archiv\u00e9"],"inLanguage":"fr-FR"},{"@type":"WebPage","@id":"https:\/\/formation.france-terre-asile.org\/accueil-2\/formation-le-7-et-8-mars-2022-aide-aux-dossiers-niveau-2-la-procedure-cnda-le-7-et-8-mars\/","url":"https:\/\/formation.france-terre-asile.org\/accueil-2\/formation-le-7-et-8-mars-2022-aide-aux-dossiers-niveau-2-la-procedure-cnda-le-7-et-8-mars\/","name":"Formation le 7 et 8 mars 2022 - Aide aux dossiers niveau 2 - La proc\u00e9dure CNDA - Centre de formation France terre d&#039;asile","isPartOf":{"@id":"https:\/\/formation.france-terre-asile.org\/accueil-2\/#website"},"primaryImageOfPage":{"@id":"https:\/\/formation.france-terre-asile.org\/accueil-2\/formation-le-7-et-8-mars-2022-aide-aux-dossiers-niveau-2-la-procedure-cnda-le-7-et-8-mars\/#primaryimage"},"image":{"@id":"https:\/\/formation.france-terre-asile.org\/accueil-2\/formation-le-7-et-8-mars-2022-aide-aux-dossiers-niveau-2-la-procedure-cnda-le-7-et-8-mars\/#primaryimage"},"thumbnailUrl":"https:\/\/formation.france-terre-asile.org\/wp-content\/uploads\/2022\/02\/17936256lpw-17936251-article-jpg_5879964.jpg","datePublished":"2022-02-22T15:15:15+00:00","dateModified":"2022-03-09T16:32:42+00:00","breadcrumb":{"@id":"https:\/\/formation.france-terre-asile.org\/accueil-2\/formation-le-7-et-8-mars-2022-aide-aux-dossiers-niveau-2-la-procedure-cnda-le-7-et-8-mars\/#breadcrumb"},"inLanguage":"fr-FR","potentialAction":[{"@type":"ReadAction","target":["https:\/\/formation.france-terre-asile.org\/accueil-2\/formation-le-7-et-8-mars-2022-aide-aux-dossiers-niveau-2-la-procedure-cnda-le-7-et-8-mars\/"]}]},{"@type":"ImageObject","inLanguage":"fr-FR","@id":"https:\/\/formation.france-terre-asile.org\/accueil-2\/formation-le-7-et-8-mars-2022-aide-aux-dossiers-niveau-2-la-procedure-cnda-le-7-et-8-mars\/#primaryimage","url":"https:\/\/formation.france-terre-asile.org\/wp-content\/uploads\/2022\/02\/17936256lpw-17936251-article-jpg_5879964.jpg","contentUrl":"https:\/\/formation.france-terre-asile.org\/wp-content\/uploads\/2022\/02\/17936256lpw-17936251-article-jpg_5879964.jpg","width":980,"height":426,"caption":"Photo formation - Aide aux dossiers niveau 2"},{"@type":"BreadcrumbList","@id":"https:\/\/formation.france-terre-asile.org\/accueil-2\/formation-le-7-et-8-mars-2022-aide-aux-dossiers-niveau-2-la-procedure-cnda-le-7-et-8-mars\/#breadcrumb","itemListElement":[{"@type":"ListItem","position":1,"name":"Accueil","item":"https:\/\/formation.france-terre-asile.org\/accueil-2\/"},{"@type":"ListItem","position":2,"name":"Formation le 7 et 8 mars 2022 &#8211; Aide aux dossiers niveau 2 &#8211; La proc\u00e9dure CNDA"}]},{"@type":"WebSite","@id":"https:\/\/formation.france-terre-asile.org\/accueil-2\/#website","url":"https:\/\/formation.france-terre-asile.org\/accueil-2\/","name":"Centre de formation France terre d&#039;asile","description":"","publisher":{"@id":"https:\/\/formation.france-terre-asile.org\/accueil-2\/#organization"},"potentialAction":[{"@type":"SearchAction","target":{"@type":"EntryPoint","urlTemplate":"https:\/\/formation.france-terre-asile.org\/accueil-2\/?s={search_term_string}"},"query-input":{"@type":"PropertyValueSpecification","valueRequired":true,"valueName":"search_term_string"}}],"inLanguage":"fr-FR"},{"@type":"Organization","@id":"https:\/\/formation.france-terre-asile.org\/accueil-2\/#organization","name":"Centre de formation France Terre d'Asile","url":"https:\/\/formation.france-terre-asile.org\/accueil-2\/","logo":{"@type":"ImageObject","inLanguage":"fr-FR","@id":"https:\/\/formation.france-terre-asile.org\/accueil-2\/#\/schema\/logo\/image\/","url":"https:\/\/formation.france-terre-asile.org\/wp-content\/uploads\/2021\/03\/logo-50ans.png","contentUrl":"https:\/\/formation.france-terre-asile.org\/wp-content\/uploads\/2021\/03\/logo-50ans.png","width":198,"height":114,"caption":"Centre de formation France Terre d'Asile"},"image":{"@id":"https:\/\/formation.france-terre-asile.org\/accueil-2\/#\/schema\/logo\/image\/"}},{"@type":"Person","@id":"https:\/\/formation.france-terre-asile.org\/accueil-2\/#\/schema\/person\/05b85b8ef7fde43b58d4fb6450411437","name":"Arnold Larochelle","image":{"@type":"ImageObject","inLanguage":"fr-FR","@id":"https:\/\/secure.gravatar.com\/avatar\/d30da25799c15329311f3f4cc6d493bc9e711efd13ca18ef4d8d2bc72a826118?s=96&d=mm&r=g","url":"https:\/\/secure.gravatar.com\/avatar\/d30da25799c15329311f3f4cc6d493bc9e711efd13ca18ef4d8d2bc72a826118?s=96&d=mm&r=g","contentUrl":"https:\/\/secure.gravatar.com\/avatar\/d30da25799c15329311f3f4cc6d493bc9e711efd13ca18ef4d8d2bc72a826118?s=96&d=mm&r=g","caption":"Arnold Larochelle"},"url":"https:\/\/formation.france-terre-asile.org\/accueil-2\/author\/formationcf\/"}]}},"uagb_featured_image_src":{"full":["https:\/\/formation.france-terre-asile.org\/wp-content\/uploads\/2022\/02\/17936256lpw-17936251-article-jpg_5879964.jpg",980,426,false],"thumbnail":["https:\/\/formation.france-terre-asile.org\/wp-content\/uploads\/2022\/02\/17936256lpw-17936251-article-jpg_5879964-150x150.jpg",150,150,true],"medium":["https:\/\/formation.france-terre-asile.org\/wp-content\/uploads\/2022\/02\/17936256lpw-17936251-article-jpg_5879964-300x130.jpg",300,130,true],"medium_large":["https:\/\/formation.france-terre-asile.org\/wp-content\/uploads\/2022\/02\/17936256lpw-17936251-article-jpg_5879964.jpg",768,334,false],"large":["https:\/\/formation.france-terre-asile.org\/wp-content\/uploads\/2022\/02\/17936256lpw-17936251-article-jpg_5879964.jpg",980,426,false],"1536x1536":["https:\/\/formation.france-terre-asile.org\/wp-content\/uploads\/2022\/02\/17936256lpw-17936251-article-jpg_5879964.jpg",980,426,false],"2048x2048":["https:\/\/formation.france-terre-asile.org\/wp-content\/uploads\/2022\/02\/17936256lpw-17936251-article-jpg_5879964.jpg",980,426,false],"et-pb-post-main-image":["https:\/\/formation.france-terre-asile.org\/wp-content\/uploads\/2022\/02\/17936256lpw-17936251-article-jpg_5879964.jpg",400,174,false],"et-pb-post-main-image-fullwidth":["https:\/\/formation.france-terre-asile.org\/wp-content\/uploads\/2022\/02\/17936256lpw-17936251-article-jpg_5879964.jpg",980,426,false],"et-pb-portfolio-image":["https:\/\/formation.france-terre-asile.org\/wp-content\/uploads\/2022\/02\/17936256lpw-17936251-article-jpg_5879964.jpg",400,174,false],"et-pb-portfolio-module-image":["https:\/\/formation.france-terre-asile.org\/wp-content\/uploads\/2022\/02\/17936256lpw-17936251-article-jpg_5879964.jpg",510,222,false],"et-pb-portfolio-image-single":["https:\/\/formation.france-terre-asile.org\/wp-content\/uploads\/2022\/02\/17936256lpw-17936251-article-jpg_5879964.jpg",980,426,false],"et-pb-gallery-module-image-portrait":["https:\/\/formation.france-terre-asile.org\/wp-content\/uploads\/2022\/02\/17936256lpw-17936251-article-jpg_5879964.jpg",400,174,false],"et-pb-post-main-image-fullwidth-large":["https:\/\/formation.france-terre-asile.org\/wp-content\/uploads\/2022\/02\/17936256lpw-17936251-article-jpg_5879964.jpg",980,426,false],"et-pb-image--responsive--desktop":["https:\/\/formation.france-terre-asile.org\/wp-content\/uploads\/2022\/02\/17936256lpw-17936251-article-jpg_5879964.jpg",980,426,false],"et-pb-image--responsive--tablet":["https:\/\/formation.france-terre-asile.org\/wp-content\/uploads\/2022\/02\/17936256lpw-17936251-article-jpg_5879964.jpg",980,426,false],"et-pb-image--responsive--phone":["https:\/\/formation.france-terre-asile.org\/wp-content\/uploads\/2022\/02\/17936256lpw-17936251-article-jpg_5879964.jpg",480,209,false]},"uagb_author_info":{"display_name":"Arnold Larochelle","author_link":"https:\/\/formation.france-terre-asile.org\/accueil-2\/author\/formationcf\/"},"uagb_comment_info":0,"uagb_excerpt":"Aide aux dossiers niveau 2 &#8211; La proc\u00e9dure CNDA le 7 et 8 mars Le 07 et 08 mars prochain se tiendra la formation \u201d Aide aux dossier niveau 2 &#8211; La proc\u00e9dure CNDA\u201d. Gr\u00e2ce \u00e0 cette formation les professionnels du secteur social pourront approfondir leurs connaissances sur diff\u00e9rents points : Accompagner les personnes souhaitant\u2026","_links":{"self":[{"href":"https:\/\/formation.france-terre-asile.org\/accueil-2\/wp-json\/wp\/v2\/posts\/2171","targetHints":{"allow":["GET"]}}],"collection":[{"href":"https:\/\/formation.france-terre-asile.org\/accueil-2\/wp-json\/wp\/v2\/posts"}],"about":[{"href":"https:\/\/formation.france-terre-asile.org\/accueil-2\/wp-json\/wp\/v2\/types\/post"}],"author":[{"embeddable":true,"href":"https:\/\/formation.france-terre-asile.org\/accueil-2\/wp-json\/wp\/v2\/users\/3"}],"replies":[{"embeddable":true,"href":"https:\/\/formation.france-terre-asile.org\/accueil-2\/wp-json\/wp\/v2\/comments?post=2171"}],"version-history":[{"count":3,"href":"https:\/\/formation.france-terre-asile.org\/accueil-2\/wp-json\/wp\/v2\/posts\/2171\/revisions"}],"predecessor-version":[{"id":2179,"href":"https:\/\/formation.france-terre-asile.org\/accueil-2\/wp-json\/wp\/v2\/posts\/2171\/revisions\/2179"}],"wp:featuredmedia":[{"embeddable":true,"href":"https:\/\/formation.france-terre-asile.org\/accueil-2\/wp-json\/wp\/v2\/media\/2176"}],"wp:attachment":[{"href":"https:\/\/formation.france-terre-asile.org\/accueil-2\/wp-json\/wp\/v2\/media?parent=2171"}],"wp:term":[{"taxonomy":"category","embeddable":true,"href":"https:\/\/formation.france-terre-asile.org\/accueil-2\/wp-json\/wp\/v2\/categories?post=2171"},{"taxonomy":"post_tag","embeddable":true,"href":"https:\/\/formation.france-terre-asile.org\/accueil-2\/wp-json\/wp\/v2\/tags?post=2171"}],"curies":[{"name":"wp","href":"https:\/\/api.w.org\/{rel}","templated":true}]}}