{"id":2236,"date":"2022-03-09T17:10:39","date_gmt":"2022-03-09T16:10:39","guid":{"rendered":"https:\/\/formation.france-terre-asile.org\/?p=2236"},"modified":"2022-04-27T11:13:20","modified_gmt":"2022-04-27T09:13:20","slug":"point-sur-vos-formations","status":"publish","type":"post","link":"https:\/\/formation.france-terre-asile.org\/accueil-2\/point-sur-vos-formations\/","title":{"rendered":"Point sur vos formations"},"content":{"rendered":"\n<h2 class=\"wp-block-heading\">Point sur vos formations<\/h2>\n\n\n\n<section class=\"wp-block-uagb-columns uagb-columns__wrap uagb-columns__background-undefined uagb-columns__stack-mobile uagb-columns__valign-undefined uagb-columns__gap-10 alignundefined uagb-block-31036cdf\"><div class=\"uagb-columns__overlay\"><\/div><div class=\"uagb-columns__inner-wrap uagb-columns__columns-2\">\n<div class=\"wp-block-uagb-column uagb-column__wrap uagb-column__background-undefined uagb-block-9dfb425d\"><div class=\"uagb-column__overlay\"><\/div><div class=\"uagb-column__inner-wrap\">\n<p>Bonjour \u00e0 tous !<\/p>\n\n\n\n<p>Le 19 et 20 avril prochain se tiendra la formation <strong>\u00ab\u00a0Les fondamentaux du droit des \u00e9trangers\u00a0\u00bb<\/strong>. D\u00fb au grand int\u00e9r\u00eat que vous avez pour cette formation nous affichons d\u00e9j\u00e0 complet, et ne prenons donc plus d&rsquo;inscriptions pour cette session. Nous serons n\u00e9anmoins tr\u00e8s heureux de vous accueillir lors de la prochaine session qui se d\u00e9roulera le 29 et 30 novembre, en pr\u00e9sentiel \u00e0 Paris.<\/p>\n\n\n\n<p>\u00c0 bient\u00f4t au centre de Formation !<\/p>\n<\/div><\/div>\n\n\n\n<div class=\"wp-block-uagb-column uagb-column__wrap uagb-column__background-undefined uagb-block-1f37f332\"><div class=\"uagb-column__overlay\"><\/div><div class=\"uagb-column__inner-wrap\">\n<figure class=\"wp-block-image size-large\"><img loading=\"lazy\" decoding=\"async\" width=\"1024\" height=\"768\" src=\"https:\/\/formation.france-terre-asile.org\/wp-content\/uploads\/2021\/06\/IMG-1745-min-1-1024x768.jpg\" alt=\"Formation ftda\" class=\"wp-image-1078\" srcset=\"https:\/\/formation.france-terre-asile.org\/wp-content\/uploads\/2021\/06\/IMG-1745-min-1-1024x768.jpg 1024w, https:\/\/formation.france-terre-asile.org\/wp-content\/uploads\/2021\/06\/IMG-1745-min-1-300x225.jpg 300w, https:\/\/formation.france-terre-asile.org\/wp-content\/uploads\/2021\/06\/IMG-1745-min-1-1536x1152.jpg 1536w, https:\/\/formation.france-terre-asile.org\/wp-content\/uploads\/2021\/06\/IMG-1745-min-1-2048x1536.jpg 2048w\" sizes=\"(max-width: 1024px) 100vw, 1024px\" \/><\/figure>\n<\/div><\/div>\n<\/div><\/section>\n\n\n\n<p><\/p>\n","protected":false},"excerpt":{"rendered":"<p>Point sur vos formations Bonjour \u00e0 tous ! Le 19 et 20 avril prochain se tiendra la formation \u00ab\u00a0Les fondamentaux du droit des \u00e9trangers\u00a0\u00bb. D\u00fb au grand int\u00e9r\u00eat que vous avez pour cette formation nous affichons d\u00e9j\u00e0 complet, et ne prenons donc plus d&rsquo;inscriptions pour cette session. Nous serons n\u00e9anmoins tr\u00e8s heureux de vous accueillir [&hellip;]<\/p>\n","protected":false},"author":3,"featured_media":1078,"comment_status":"closed","ping_status":"closed","sticky":false,"template":"","format":"standard","meta":{"_et_pb_use_builder":"","_et_pb_old_content":"","_et_gb_content_width":"","_uag_custom_page_level_css":"","_monsterinsights_skip_tracking":false,"_monsterinsights_sitenote_active":false,"_monsterinsights_sitenote_note":"","_monsterinsights_sitenote_category":0,"footnotes":""},"categories":[16],"tags":[],"class_list":["post-2236","post","type-post","status-publish","format-standard","has-post-thumbnail","hentry","category-archive"],"yoast_head":"<!-- This site is optimized with the Yoast SEO plugin v27.4 - https:\/\/yoast.com\/product\/yoast-seo-wordpress\/ -->\n<title>Point sur vos formations - Centre de formation France terre d&#039;asile<\/title>\n<meta name=\"robots\" content=\"index, follow, max-snippet:-1, max-image-preview:large, max-video-preview:-1\" \/>\n<link rel=\"canonical\" href=\"https:\/\/formation.france-terre-asile.org\/accueil-2\/point-sur-vos-formations\/\" \/>\n<meta property=\"og:locale\" content=\"fr_FR\" \/>\n<meta property=\"og:type\" content=\"article\" \/>\n<meta property=\"og:title\" content=\"Point sur vos formations - Centre de formation France terre d&#039;asile\" \/>\n<meta property=\"og:description\" content=\"Point sur vos formations Bonjour \u00e0 tous ! Le 19 et 20 avril prochain se tiendra la formation \u00ab\u00a0Les fondamentaux du droit des \u00e9trangers\u00a0\u00bb. D\u00fb au grand int\u00e9r\u00eat que vous avez pour cette formation nous affichons d\u00e9j\u00e0 complet, et ne prenons donc plus d&rsquo;inscriptions pour cette session. Nous serons n\u00e9anmoins tr\u00e8s heureux de vous accueillir [&hellip;]\" \/>\n<meta property=\"og:url\" content=\"https:\/\/formation.france-terre-asile.org\/accueil-2\/point-sur-vos-formations\/\" \/>\n<meta property=\"og:site_name\" content=\"Centre de formation France terre d&#039;asile\" \/>\n<meta property=\"article:published_time\" content=\"2022-03-09T16:10:39+00:00\" \/>\n<meta property=\"article:modified_time\" content=\"2022-04-27T09:13:20+00:00\" \/>\n<meta property=\"og:image\" content=\"https:\/\/formation.france-terre-asile.org\/wp-content\/uploads\/2021\/06\/IMG-1745-min-1-scaled.jpg\" \/>\n\t<meta property=\"og:image:width\" content=\"2560\" \/>\n\t<meta property=\"og:image:height\" content=\"1920\" \/>\n\t<meta property=\"og:image:type\" content=\"image\/jpeg\" \/>\n<meta name=\"author\" content=\"Arnold Larochelle\" \/>\n<meta name=\"twitter:card\" content=\"summary_large_image\" \/>\n<meta name=\"twitter:label1\" content=\"\u00c9crit par\" \/>\n\t<meta name=\"twitter:data1\" content=\"Arnold Larochelle\" \/>\n\t<meta name=\"twitter:label2\" content=\"Dur\u00e9e de lecture estim\u00e9e\" \/>\n\t<meta name=\"twitter:data2\" content=\"1 minute\" \/>\n<script type=\"application\/ld+json\" class=\"yoast-schema-graph\">{\"@context\":\"https:\\\/\\\/schema.org\",\"@graph\":[{\"@type\":\"Article\",\"@id\":\"https:\\\/\\\/formation.france-terre-asile.org\\\/accueil-2\\\/point-sur-vos-formations\\\/#article\",\"isPartOf\":{\"@id\":\"https:\\\/\\\/formation.france-terre-asile.org\\\/accueil-2\\\/point-sur-vos-formations\\\/\"},\"author\":{\"name\":\"Arnold Larochelle\",\"@id\":\"https:\\\/\\\/formation.france-terre-asile.org\\\/accueil-2\\\/#\\\/schema\\\/person\\\/05b85b8ef7fde43b58d4fb6450411437\"},\"headline\":\"Point sur vos formations\",\"datePublished\":\"2022-03-09T16:10:39+00:00\",\"dateModified\":\"2022-04-27T09:13:20+00:00\",\"mainEntityOfPage\":{\"@id\":\"https:\\\/\\\/formation.france-terre-asile.org\\\/accueil-2\\\/point-sur-vos-formations\\\/\"},\"wordCount\":82,\"publisher\":{\"@id\":\"https:\\\/\\\/formation.france-terre-asile.org\\\/accueil-2\\\/#organization\"},\"image\":{\"@id\":\"https:\\\/\\\/formation.france-terre-asile.org\\\/accueil-2\\\/point-sur-vos-formations\\\/#primaryimage\"},\"thumbnailUrl\":\"https:\\\/\\\/formation.france-terre-asile.org\\\/wp-content\\\/uploads\\\/2021\\\/06\\\/IMG-1745-min-1-scaled.jpg\",\"articleSection\":[\"Archiv\u00e9\"],\"inLanguage\":\"fr-FR\"},{\"@type\":\"WebPage\",\"@id\":\"https:\\\/\\\/formation.france-terre-asile.org\\\/accueil-2\\\/point-sur-vos-formations\\\/\",\"url\":\"https:\\\/\\\/formation.france-terre-asile.org\\\/accueil-2\\\/point-sur-vos-formations\\\/\",\"name\":\"Point sur vos formations - Centre de formation France terre d&#039;asile\",\"isPartOf\":{\"@id\":\"https:\\\/\\\/formation.france-terre-asile.org\\\/accueil-2\\\/#website\"},\"primaryImageOfPage\":{\"@id\":\"https:\\\/\\\/formation.france-terre-asile.org\\\/accueil-2\\\/point-sur-vos-formations\\\/#primaryimage\"},\"image\":{\"@id\":\"https:\\\/\\\/formation.france-terre-asile.org\\\/accueil-2\\\/point-sur-vos-formations\\\/#primaryimage\"},\"thumbnailUrl\":\"https:\\\/\\\/formation.france-terre-asile.org\\\/wp-content\\\/uploads\\\/2021\\\/06\\\/IMG-1745-min-1-scaled.jpg\",\"datePublished\":\"2022-03-09T16:10:39+00:00\",\"dateModified\":\"2022-04-27T09:13:20+00:00\",\"breadcrumb\":{\"@id\":\"https:\\\/\\\/formation.france-terre-asile.org\\\/accueil-2\\\/point-sur-vos-formations\\\/#breadcrumb\"},\"inLanguage\":\"fr-FR\",\"potentialAction\":[{\"@type\":\"ReadAction\",\"target\":[\"https:\\\/\\\/formation.france-terre-asile.org\\\/accueil-2\\\/point-sur-vos-formations\\\/\"]}]},{\"@type\":\"ImageObject\",\"inLanguage\":\"fr-FR\",\"@id\":\"https:\\\/\\\/formation.france-terre-asile.org\\\/accueil-2\\\/point-sur-vos-formations\\\/#primaryimage\",\"url\":\"https:\\\/\\\/formation.france-terre-asile.org\\\/wp-content\\\/uploads\\\/2021\\\/06\\\/IMG-1745-min-1-scaled.jpg\",\"contentUrl\":\"https:\\\/\\\/formation.france-terre-asile.org\\\/wp-content\\\/uploads\\\/2021\\\/06\\\/IMG-1745-min-1-scaled.jpg\",\"width\":2560,\"height\":1920,\"caption\":\"Formation ftda\"},{\"@type\":\"BreadcrumbList\",\"@id\":\"https:\\\/\\\/formation.france-terre-asile.org\\\/accueil-2\\\/point-sur-vos-formations\\\/#breadcrumb\",\"itemListElement\":[{\"@type\":\"ListItem\",\"position\":1,\"name\":\"Accueil\",\"item\":\"https:\\\/\\\/formation.france-terre-asile.org\\\/accueil-2\\\/\"},{\"@type\":\"ListItem\",\"position\":2,\"name\":\"Point sur vos formations\"}]},{\"@type\":\"WebSite\",\"@id\":\"https:\\\/\\\/formation.france-terre-asile.org\\\/accueil-2\\\/#website\",\"url\":\"https:\\\/\\\/formation.france-terre-asile.org\\\/accueil-2\\\/\",\"name\":\"Centre de formation France terre d&#039;asile\",\"description\":\"\",\"publisher\":{\"@id\":\"https:\\\/\\\/formation.france-terre-asile.org\\\/accueil-2\\\/#organization\"},\"potentialAction\":[{\"@type\":\"SearchAction\",\"target\":{\"@type\":\"EntryPoint\",\"urlTemplate\":\"https:\\\/\\\/formation.france-terre-asile.org\\\/accueil-2\\\/?s={search_term_string}\"},\"query-input\":{\"@type\":\"PropertyValueSpecification\",\"valueRequired\":true,\"valueName\":\"search_term_string\"}}],\"inLanguage\":\"fr-FR\"},{\"@type\":\"Organization\",\"@id\":\"https:\\\/\\\/formation.france-terre-asile.org\\\/accueil-2\\\/#organization\",\"name\":\"Centre de formation France Terre d'Asile\",\"url\":\"https:\\\/\\\/formation.france-terre-asile.org\\\/accueil-2\\\/\",\"logo\":{\"@type\":\"ImageObject\",\"inLanguage\":\"fr-FR\",\"@id\":\"https:\\\/\\\/formation.france-terre-asile.org\\\/accueil-2\\\/#\\\/schema\\\/logo\\\/image\\\/\",\"url\":\"https:\\\/\\\/formation.france-terre-asile.org\\\/wp-content\\\/uploads\\\/2021\\\/03\\\/logo-50ans.png\",\"contentUrl\":\"https:\\\/\\\/formation.france-terre-asile.org\\\/wp-content\\\/uploads\\\/2021\\\/03\\\/logo-50ans.png\",\"width\":198,\"height\":114,\"caption\":\"Centre de formation France Terre d'Asile\"},\"image\":{\"@id\":\"https:\\\/\\\/formation.france-terre-asile.org\\\/accueil-2\\\/#\\\/schema\\\/logo\\\/image\\\/\"}},{\"@type\":\"Person\",\"@id\":\"https:\\\/\\\/formation.france-terre-asile.org\\\/accueil-2\\\/#\\\/schema\\\/person\\\/05b85b8ef7fde43b58d4fb6450411437\",\"name\":\"Arnold Larochelle\",\"image\":{\"@type\":\"ImageObject\",\"inLanguage\":\"fr-FR\",\"@id\":\"https:\\\/\\\/secure.gravatar.com\\\/avatar\\\/d30da25799c15329311f3f4cc6d493bc9e711efd13ca18ef4d8d2bc72a826118?s=96&d=mm&r=g\",\"url\":\"https:\\\/\\\/secure.gravatar.com\\\/avatar\\\/d30da25799c15329311f3f4cc6d493bc9e711efd13ca18ef4d8d2bc72a826118?s=96&d=mm&r=g\",\"contentUrl\":\"https:\\\/\\\/secure.gravatar.com\\\/avatar\\\/d30da25799c15329311f3f4cc6d493bc9e711efd13ca18ef4d8d2bc72a826118?s=96&d=mm&r=g\",\"caption\":\"Arnold Larochelle\"},\"url\":\"https:\\\/\\\/formation.france-terre-asile.org\\\/accueil-2\\\/author\\\/formationcf\\\/\"}]}<\/script>\n<!-- \/ Yoast SEO plugin. -->","yoast_head_json":{"title":"Point sur vos formations - Centre de formation France terre d&#039;asile","robots":{"index":"index","follow":"follow","max-snippet":"max-snippet:-1","max-image-preview":"max-image-preview:large","max-video-preview":"max-video-preview:-1"},"canonical":"https:\/\/formation.france-terre-asile.org\/accueil-2\/point-sur-vos-formations\/","og_locale":"fr_FR","og_type":"article","og_title":"Point sur vos formations - Centre de formation France terre d&#039;asile","og_description":"Point sur vos formations Bonjour \u00e0 tous ! Le 19 et 20 avril prochain se tiendra la formation \u00ab\u00a0Les fondamentaux du droit des \u00e9trangers\u00a0\u00bb. D\u00fb au grand int\u00e9r\u00eat que vous avez pour cette formation nous affichons d\u00e9j\u00e0 complet, et ne prenons donc plus d&rsquo;inscriptions pour cette session. Nous serons n\u00e9anmoins tr\u00e8s heureux de vous accueillir [&hellip;]","og_url":"https:\/\/formation.france-terre-asile.org\/accueil-2\/point-sur-vos-formations\/","og_site_name":"Centre de formation France terre d&#039;asile","article_published_time":"2022-03-09T16:10:39+00:00","article_modified_time":"2022-04-27T09:13:20+00:00","og_image":[{"width":2560,"height":1920,"url":"https:\/\/formation.france-terre-asile.org\/wp-content\/uploads\/2021\/06\/IMG-1745-min-1-scaled.jpg","type":"image\/jpeg"}],"author":"Arnold Larochelle","twitter_card":"summary_large_image","twitter_misc":{"\u00c9crit par":"Arnold Larochelle","Dur\u00e9e de lecture estim\u00e9e":"1 minute"},"schema":{"@context":"https:\/\/schema.org","@graph":[{"@type":"Article","@id":"https:\/\/formation.france-terre-asile.org\/accueil-2\/point-sur-vos-formations\/#article","isPartOf":{"@id":"https:\/\/formation.france-terre-asile.org\/accueil-2\/point-sur-vos-formations\/"},"author":{"name":"Arnold Larochelle","@id":"https:\/\/formation.france-terre-asile.org\/accueil-2\/#\/schema\/person\/05b85b8ef7fde43b58d4fb6450411437"},"headline":"Point sur vos formations","datePublished":"2022-03-09T16:10:39+00:00","dateModified":"2022-04-27T09:13:20+00:00","mainEntityOfPage":{"@id":"https:\/\/formation.france-terre-asile.org\/accueil-2\/point-sur-vos-formations\/"},"wordCount":82,"publisher":{"@id":"https:\/\/formation.france-terre-asile.org\/accueil-2\/#organization"},"image":{"@id":"https:\/\/formation.france-terre-asile.org\/accueil-2\/point-sur-vos-formations\/#primaryimage"},"thumbnailUrl":"https:\/\/formation.france-terre-asile.org\/wp-content\/uploads\/2021\/06\/IMG-1745-min-1-scaled.jpg","articleSection":["Archiv\u00e9"],"inLanguage":"fr-FR"},{"@type":"WebPage","@id":"https:\/\/formation.france-terre-asile.org\/accueil-2\/point-sur-vos-formations\/","url":"https:\/\/formation.france-terre-asile.org\/accueil-2\/point-sur-vos-formations\/","name":"Point sur vos formations - Centre de formation France terre d&#039;asile","isPartOf":{"@id":"https:\/\/formation.france-terre-asile.org\/accueil-2\/#website"},"primaryImageOfPage":{"@id":"https:\/\/formation.france-terre-asile.org\/accueil-2\/point-sur-vos-formations\/#primaryimage"},"image":{"@id":"https:\/\/formation.france-terre-asile.org\/accueil-2\/point-sur-vos-formations\/#primaryimage"},"thumbnailUrl":"https:\/\/formation.france-terre-asile.org\/wp-content\/uploads\/2021\/06\/IMG-1745-min-1-scaled.jpg","datePublished":"2022-03-09T16:10:39+00:00","dateModified":"2022-04-27T09:13:20+00:00","breadcrumb":{"@id":"https:\/\/formation.france-terre-asile.org\/accueil-2\/point-sur-vos-formations\/#breadcrumb"},"inLanguage":"fr-FR","potentialAction":[{"@type":"ReadAction","target":["https:\/\/formation.france-terre-asile.org\/accueil-2\/point-sur-vos-formations\/"]}]},{"@type":"ImageObject","inLanguage":"fr-FR","@id":"https:\/\/formation.france-terre-asile.org\/accueil-2\/point-sur-vos-formations\/#primaryimage","url":"https:\/\/formation.france-terre-asile.org\/wp-content\/uploads\/2021\/06\/IMG-1745-min-1-scaled.jpg","contentUrl":"https:\/\/formation.france-terre-asile.org\/wp-content\/uploads\/2021\/06\/IMG-1745-min-1-scaled.jpg","width":2560,"height":1920,"caption":"Formation ftda"},{"@type":"BreadcrumbList","@id":"https:\/\/formation.france-terre-asile.org\/accueil-2\/point-sur-vos-formations\/#breadcrumb","itemListElement":[{"@type":"ListItem","position":1,"name":"Accueil","item":"https:\/\/formation.france-terre-asile.org\/accueil-2\/"},{"@type":"ListItem","position":2,"name":"Point sur vos formations"}]},{"@type":"WebSite","@id":"https:\/\/formation.france-terre-asile.org\/accueil-2\/#website","url":"https:\/\/formation.france-terre-asile.org\/accueil-2\/","name":"Centre de formation France terre d&#039;asile","description":"","publisher":{"@id":"https:\/\/formation.france-terre-asile.org\/accueil-2\/#organization"},"potentialAction":[{"@type":"SearchAction","target":{"@type":"EntryPoint","urlTemplate":"https:\/\/formation.france-terre-asile.org\/accueil-2\/?s={search_term_string}"},"query-input":{"@type":"PropertyValueSpecification","valueRequired":true,"valueName":"search_term_string"}}],"inLanguage":"fr-FR"},{"@type":"Organization","@id":"https:\/\/formation.france-terre-asile.org\/accueil-2\/#organization","name":"Centre de formation France Terre d'Asile","url":"https:\/\/formation.france-terre-asile.org\/accueil-2\/","logo":{"@type":"ImageObject","inLanguage":"fr-FR","@id":"https:\/\/formation.france-terre-asile.org\/accueil-2\/#\/schema\/logo\/image\/","url":"https:\/\/formation.france-terre-asile.org\/wp-content\/uploads\/2021\/03\/logo-50ans.png","contentUrl":"https:\/\/formation.france-terre-asile.org\/wp-content\/uploads\/2021\/03\/logo-50ans.png","width":198,"height":114,"caption":"Centre de formation France Terre d'Asile"},"image":{"@id":"https:\/\/formation.france-terre-asile.org\/accueil-2\/#\/schema\/logo\/image\/"}},{"@type":"Person","@id":"https:\/\/formation.france-terre-asile.org\/accueil-2\/#\/schema\/person\/05b85b8ef7fde43b58d4fb6450411437","name":"Arnold Larochelle","image":{"@type":"ImageObject","inLanguage":"fr-FR","@id":"https:\/\/secure.gravatar.com\/avatar\/d30da25799c15329311f3f4cc6d493bc9e711efd13ca18ef4d8d2bc72a826118?s=96&d=mm&r=g","url":"https:\/\/secure.gravatar.com\/avatar\/d30da25799c15329311f3f4cc6d493bc9e711efd13ca18ef4d8d2bc72a826118?s=96&d=mm&r=g","contentUrl":"https:\/\/secure.gravatar.com\/avatar\/d30da25799c15329311f3f4cc6d493bc9e711efd13ca18ef4d8d2bc72a826118?s=96&d=mm&r=g","caption":"Arnold Larochelle"},"url":"https:\/\/formation.france-terre-asile.org\/accueil-2\/author\/formationcf\/"}]}},"uagb_featured_image_src":{"full":["https:\/\/formation.france-terre-asile.org\/wp-content\/uploads\/2021\/06\/IMG-1745-min-1-scaled.jpg",2560,1920,false],"thumbnail":["https:\/\/formation.france-terre-asile.org\/wp-content\/uploads\/2021\/06\/IMG-1745-min-1-150x150.jpg",150,150,true],"medium":["https:\/\/formation.france-terre-asile.org\/wp-content\/uploads\/2021\/06\/IMG-1745-min-1-300x225.jpg",300,225,true],"medium_large":["https:\/\/formation.france-terre-asile.org\/wp-content\/uploads\/2021\/06\/IMG-1745-min-1-scaled.jpg",768,576,false],"large":["https:\/\/formation.france-terre-asile.org\/wp-content\/uploads\/2021\/06\/IMG-1745-min-1-1024x768.jpg",1024,768,true],"1536x1536":["https:\/\/formation.france-terre-asile.org\/wp-content\/uploads\/2021\/06\/IMG-1745-min-1-1536x1152.jpg",1536,1152,true],"2048x2048":["https:\/\/formation.france-terre-asile.org\/wp-content\/uploads\/2021\/06\/IMG-1745-min-1-2048x1536.jpg",2048,1536,true],"et-pb-post-main-image":["https:\/\/formation.france-terre-asile.org\/wp-content\/uploads\/2021\/06\/IMG-1745-min-1-scaled.jpg",333,250,false],"et-pb-post-main-image-fullwidth":["https:\/\/formation.france-terre-asile.org\/wp-content\/uploads\/2021\/06\/IMG-1745-min-1-scaled.jpg",900,675,false],"et-pb-portfolio-image":["https:\/\/formation.france-terre-asile.org\/wp-content\/uploads\/2021\/06\/IMG-1745-min-1-scaled.jpg",379,284,false],"et-pb-portfolio-module-image":["https:\/\/formation.france-terre-asile.org\/wp-content\/uploads\/2021\/06\/IMG-1745-min-1-scaled.jpg",510,382,false],"et-pb-portfolio-image-single":["https:\/\/formation.france-terre-asile.org\/wp-content\/uploads\/2021\/06\/IMG-1745-min-1-scaled.jpg",1080,810,false],"et-pb-gallery-module-image-portrait":["https:\/\/formation.france-terre-asile.org\/wp-content\/uploads\/2021\/06\/IMG-1745-min-1-scaled.jpg",400,300,false],"et-pb-post-main-image-fullwidth-large":["https:\/\/formation.france-terre-asile.org\/wp-content\/uploads\/2021\/06\/IMG-1745-min-1-scaled.jpg",2400,1800,false],"et-pb-image--responsive--desktop":["https:\/\/formation.france-terre-asile.org\/wp-content\/uploads\/2021\/06\/IMG-1745-min-1-scaled.jpg",960,720,false],"et-pb-image--responsive--tablet":["https:\/\/formation.france-terre-asile.org\/wp-content\/uploads\/2021\/06\/IMG-1745-min-1-scaled.jpg",735,551,false],"et-pb-image--responsive--phone":["https:\/\/formation.france-terre-asile.org\/wp-content\/uploads\/2021\/06\/IMG-1745-min-1-scaled.jpg",360,270,false]},"uagb_author_info":{"display_name":"Arnold Larochelle","author_link":"https:\/\/formation.france-terre-asile.org\/accueil-2\/author\/formationcf\/"},"uagb_comment_info":0,"uagb_excerpt":"Point sur vos formations Bonjour \u00e0 tous ! Le 19 et 20 avril prochain se tiendra la formation \u00ab\u00a0Les fondamentaux du droit des \u00e9trangers\u00a0\u00bb. D\u00fb au grand int\u00e9r\u00eat que vous avez pour cette formation nous affichons d\u00e9j\u00e0 complet, et ne prenons donc plus d&rsquo;inscriptions pour cette session. Nous serons n\u00e9anmoins tr\u00e8s heureux de vous accueillir\u2026","_links":{"self":[{"href":"https:\/\/formation.france-terre-asile.org\/accueil-2\/wp-json\/wp\/v2\/posts\/2236","targetHints":{"allow":["GET"]}}],"collection":[{"href":"https:\/\/formation.france-terre-asile.org\/accueil-2\/wp-json\/wp\/v2\/posts"}],"about":[{"href":"https:\/\/formation.france-terre-asile.org\/accueil-2\/wp-json\/wp\/v2\/types\/post"}],"author":[{"embeddable":true,"href":"https:\/\/formation.france-terre-asile.org\/accueil-2\/wp-json\/wp\/v2\/users\/3"}],"replies":[{"embeddable":true,"href":"https:\/\/formation.france-terre-asile.org\/accueil-2\/wp-json\/wp\/v2\/comments?post=2236"}],"version-history":[{"count":3,"href":"https:\/\/formation.france-terre-asile.org\/accueil-2\/wp-json\/wp\/v2\/posts\/2236\/revisions"}],"predecessor-version":[{"id":2239,"href":"https:\/\/formation.france-terre-asile.org\/accueil-2\/wp-json\/wp\/v2\/posts\/2236\/revisions\/2239"}],"wp:featuredmedia":[{"embeddable":true,"href":"https:\/\/formation.france-terre-asile.org\/accueil-2\/wp-json\/wp\/v2\/media\/1078"}],"wp:attachment":[{"href":"https:\/\/formation.france-terre-asile.org\/accueil-2\/wp-json\/wp\/v2\/media?parent=2236"}],"wp:term":[{"taxonomy":"category","embeddable":true,"href":"https:\/\/formation.france-terre-asile.org\/accueil-2\/wp-json\/wp\/v2\/categories?post=2236"},{"taxonomy":"post_tag","embeddable":true,"href":"https:\/\/formation.france-terre-asile.org\/accueil-2\/wp-json\/wp\/v2\/tags?post=2236"}],"curies":[{"name":"wp","href":"https:\/\/api.w.org\/{rel}","templated":true}]}}