{"id":2374,"date":"2022-03-30T16:13:34","date_gmt":"2022-03-30T14:13:34","guid":{"rendered":"https:\/\/formation.france-terre-asile.org\/?p=2374"},"modified":"2022-04-27T11:12:57","modified_gmt":"2022-04-27T09:12:57","slug":"formation-sur-la-prise-en-charge-des-mna-le-centre-de-formation-se-deplace-a-mayotte","status":"publish","type":"post","link":"https:\/\/formation.france-terre-asile.org\/accueil-2\/formation-sur-la-prise-en-charge-des-mna-le-centre-de-formation-se-deplace-a-mayotte\/","title":{"rendered":"Le centre de formation se d\u00e9place \u00e0 Mayotte pour la formation sur l&rsquo;\u00e9valuation social des MNA"},"content":{"rendered":"\n<h2 class=\"wp-block-heading\">Le centre de formation se d\u00e9place \u00e0 Mayotte pour la formation sur l&rsquo;\u00e9valuation social des MNA<\/h2>\n\n\n\n<div class=\"wp-block-columns is-layout-flex wp-container-core-columns-is-layout-9d6595d7 wp-block-columns-is-layout-flex\">\n<div class=\"wp-block-column is-layout-flow wp-block-column-is-layout-flow\">\n<p>Dispens\u00e9e pour l&rsquo;association MLEZI &#8211; MAORE \u00e0 Mayotte, cette formation avait pour vocation de former les \u00e9quipes locales \u00e0 la m\u00e9thode de l&rsquo;\u00e9valuation sociale, et de donner les principes de l&rsquo;accompagnement tout en prenant en compte le contexte locale.<\/p>\n\n\n\n<p>Les objectifs : <\/p>\n\n\n\n<ul class=\"wp-block-list\"><li>Acqu\u00e9rir une vison globale sur la prise en charge des mineurs en m\u00e9tropole, et faire le lien avec la situation \u00e0 Mayotte<\/li><li>Conna\u00eetre et respecter les \u00e9tapes de l&rsquo;\u00e9valuation sociale<\/li><li>Adopter une posture professionnel facilitant la coop\u00e9ration avec les jeunes, mais aussi avec les familles recueillantes<\/li><li>Identifier les sympt\u00f4mes de psychotrauma, et comprendre le d\u00e9veloppement psychique de l&rsquo;enfant et\/ou de l&rsquo;adolescent<\/li><li>Analyser sa pratique pour pouvoir la valoriser, et la rapprocher des concepts en vigueur<\/li><\/ul>\n\n\n\n<p>Bravo \u00e0 nos formatrices Beatrix ALLAN, Oph\u00e9lie GROSJEAN et Juliette LECONTE, qui ont r\u00e9alis\u00e9 cette formation en pr\u00e9sentiel pour les intervenants sociaux du 29 mars au 01 avril  ; et \u00e0 distance pour les cadres les 23 et 24 mars 2022<\/p>\n<\/div>\n\n\n\n<div class=\"wp-block-column is-layout-flow wp-block-column-is-layout-flow\">\n<figure class=\"wp-block-gallery has-nested-images columns-default is-cropped wp-block-gallery-1 is-layout-flex wp-block-gallery-is-layout-flex\">\n<figure class=\"wp-block-image size-large\"><img loading=\"lazy\" decoding=\"async\" width=\"2016\" height=\"1512\" data-id=\"2380\" src=\"https:\/\/formation.france-terre-asile.org\/wp-content\/uploads\/2022\/03\/IMG_0475.jpg\" alt=\"formation Mayotte\" class=\"wp-image-2380\" srcset=\"https:\/\/formation.france-terre-asile.org\/wp-content\/uploads\/2022\/03\/IMG_0475.jpg 2016w, https:\/\/formation.france-terre-asile.org\/wp-content\/uploads\/2022\/03\/IMG_0475-300x225.jpg 300w, https:\/\/formation.france-terre-asile.org\/wp-content\/uploads\/2022\/03\/IMG_0475-1024x768.jpg 1024w, https:\/\/formation.france-terre-asile.org\/wp-content\/uploads\/2022\/03\/IMG_0475-1536x1152.jpg 1536w\" sizes=\"(max-width: 2016px) 100vw, 2016px\" \/><\/figure>\n\n\n\n<figure class=\"wp-block-image size-large\"><img loading=\"lazy\" decoding=\"async\" width=\"2016\" height=\"1512\" data-id=\"2378\" src=\"https:\/\/formation.france-terre-asile.org\/wp-content\/uploads\/2022\/03\/IMG_0468.jpg\" alt=\"formation Mayotte\" class=\"wp-image-2378\" srcset=\"https:\/\/formation.france-terre-asile.org\/wp-content\/uploads\/2022\/03\/IMG_0468.jpg 2016w, https:\/\/formation.france-terre-asile.org\/wp-content\/uploads\/2022\/03\/IMG_0468-300x225.jpg 300w, https:\/\/formation.france-terre-asile.org\/wp-content\/uploads\/2022\/03\/IMG_0468-1024x768.jpg 1024w, https:\/\/formation.france-terre-asile.org\/wp-content\/uploads\/2022\/03\/IMG_0468-1536x1152.jpg 1536w\" sizes=\"(max-width: 2016px) 100vw, 2016px\" \/><\/figure>\n\n\n\n<figure class=\"wp-block-image size-large\"><img loading=\"lazy\" decoding=\"async\" width=\"2016\" height=\"1512\" data-id=\"2379\" src=\"https:\/\/formation.france-terre-asile.org\/wp-content\/uploads\/2022\/03\/IMG_0466.jpg\" alt=\"formation Mayotte\" class=\"wp-image-2379\" srcset=\"https:\/\/formation.france-terre-asile.org\/wp-content\/uploads\/2022\/03\/IMG_0466.jpg 2016w, https:\/\/formation.france-terre-asile.org\/wp-content\/uploads\/2022\/03\/IMG_0466-300x225.jpg 300w, https:\/\/formation.france-terre-asile.org\/wp-content\/uploads\/2022\/03\/IMG_0466-1024x768.jpg 1024w, https:\/\/formation.france-terre-asile.org\/wp-content\/uploads\/2022\/03\/IMG_0466-1536x1152.jpg 1536w\" sizes=\"(max-width: 2016px) 100vw, 2016px\" \/><\/figure>\n\n\n\n<figure class=\"wp-block-image size-large\"><img loading=\"lazy\" decoding=\"async\" width=\"2016\" height=\"1512\" data-id=\"2377\" src=\"https:\/\/formation.france-terre-asile.org\/wp-content\/uploads\/2022\/03\/IMG_0476.jpg\" alt=\"formation Mayotte\" class=\"wp-image-2377\" srcset=\"https:\/\/formation.france-terre-asile.org\/wp-content\/uploads\/2022\/03\/IMG_0476.jpg 2016w, https:\/\/formation.france-terre-asile.org\/wp-content\/uploads\/2022\/03\/IMG_0476-300x225.jpg 300w, https:\/\/formation.france-terre-asile.org\/wp-content\/uploads\/2022\/03\/IMG_0476-1024x768.jpg 1024w, https:\/\/formation.france-terre-asile.org\/wp-content\/uploads\/2022\/03\/IMG_0476-1536x1152.jpg 1536w\" sizes=\"(max-width: 2016px) 100vw, 2016px\" \/><\/figure>\n<\/figure>\n<\/div>\n<\/div>\n","protected":false},"excerpt":{"rendered":"<p>Le centre de formation se d\u00e9place \u00e0 Mayotte pour la formation sur l&rsquo;\u00e9valuation social des MNA Dispens\u00e9e pour l&rsquo;association MLEZI &#8211; MAORE \u00e0 Mayotte, cette formation avait pour vocation de former les \u00e9quipes locales \u00e0 la m\u00e9thode de l&rsquo;\u00e9valuation sociale, et de donner les principes de l&rsquo;accompagnement tout en prenant en compte le contexte locale. [&hellip;]<\/p>\n","protected":false},"author":3,"featured_media":2381,"comment_status":"closed","ping_status":"closed","sticky":false,"template":"","format":"standard","meta":{"_et_pb_use_builder":"","_et_pb_old_content":"","_et_gb_content_width":"","_uag_custom_page_level_css":"","_monsterinsights_skip_tracking":false,"_monsterinsights_sitenote_active":false,"_monsterinsights_sitenote_note":"","_monsterinsights_sitenote_category":0,"footnotes":""},"categories":[16],"tags":[],"class_list":["post-2374","post","type-post","status-publish","format-standard","has-post-thumbnail","hentry","category-archive"],"yoast_head":"<!-- This site is optimized with the Yoast SEO plugin v27.4 - https:\/\/yoast.com\/product\/yoast-seo-wordpress\/ -->\n<title>Le centre de formation se d\u00e9place \u00e0 Mayotte pour la formation sur l&#039;\u00e9valuation social des MNA - Centre de formation France terre d&#039;asile<\/title>\n<meta name=\"robots\" content=\"index, follow, max-snippet:-1, max-image-preview:large, max-video-preview:-1\" \/>\n<link rel=\"canonical\" href=\"https:\/\/formation.france-terre-asile.org\/accueil-2\/formation-sur-la-prise-en-charge-des-mna-le-centre-de-formation-se-deplace-a-mayotte\/\" \/>\n<meta property=\"og:locale\" content=\"fr_FR\" \/>\n<meta property=\"og:type\" content=\"article\" \/>\n<meta property=\"og:title\" content=\"Le centre de formation se d\u00e9place \u00e0 Mayotte pour la formation sur l&#039;\u00e9valuation social des MNA - Centre de formation France terre d&#039;asile\" \/>\n<meta property=\"og:description\" content=\"Le centre de formation se d\u00e9place \u00e0 Mayotte pour la formation sur l&rsquo;\u00e9valuation social des MNA Dispens\u00e9e pour l&rsquo;association MLEZI &#8211; MAORE \u00e0 Mayotte, cette formation avait pour vocation de former les \u00e9quipes locales \u00e0 la m\u00e9thode de l&rsquo;\u00e9valuation sociale, et de donner les principes de l&rsquo;accompagnement tout en prenant en compte le contexte locale. [&hellip;]\" \/>\n<meta property=\"og:url\" content=\"https:\/\/formation.france-terre-asile.org\/accueil-2\/formation-sur-la-prise-en-charge-des-mna-le-centre-de-formation-se-deplace-a-mayotte\/\" \/>\n<meta property=\"og:site_name\" content=\"Centre de formation France terre d&#039;asile\" \/>\n<meta property=\"article:published_time\" content=\"2022-03-30T14:13:34+00:00\" \/>\n<meta property=\"article:modified_time\" content=\"2022-04-27T09:12:57+00:00\" \/>\n<meta property=\"og:image\" content=\"https:\/\/formation.france-terre-asile.org\/wp-content\/uploads\/2022\/03\/IMG_0462.jpg\" \/>\n\t<meta property=\"og:image:width\" content=\"2016\" \/>\n\t<meta property=\"og:image:height\" content=\"1512\" \/>\n\t<meta property=\"og:image:type\" content=\"image\/jpeg\" \/>\n<meta name=\"author\" content=\"Arnold Larochelle\" \/>\n<meta name=\"twitter:card\" content=\"summary_large_image\" \/>\n<meta name=\"twitter:label1\" content=\"\u00c9crit par\" \/>\n\t<meta name=\"twitter:data1\" content=\"Arnold Larochelle\" \/>\n\t<meta name=\"twitter:label2\" content=\"Dur\u00e9e de lecture estim\u00e9e\" \/>\n\t<meta name=\"twitter:data2\" content=\"2 minutes\" \/>\n<script type=\"application\/ld+json\" class=\"yoast-schema-graph\">{\"@context\":\"https:\\\/\\\/schema.org\",\"@graph\":[{\"@type\":\"Article\",\"@id\":\"https:\\\/\\\/formation.france-terre-asile.org\\\/accueil-2\\\/formation-sur-la-prise-en-charge-des-mna-le-centre-de-formation-se-deplace-a-mayotte\\\/#article\",\"isPartOf\":{\"@id\":\"https:\\\/\\\/formation.france-terre-asile.org\\\/accueil-2\\\/formation-sur-la-prise-en-charge-des-mna-le-centre-de-formation-se-deplace-a-mayotte\\\/\"},\"author\":{\"name\":\"Arnold Larochelle\",\"@id\":\"https:\\\/\\\/formation.france-terre-asile.org\\\/accueil-2\\\/#\\\/schema\\\/person\\\/05b85b8ef7fde43b58d4fb6450411437\"},\"headline\":\"Le centre de formation se d\u00e9place \u00e0 Mayotte pour la formation sur l&rsquo;\u00e9valuation social des MNA\",\"datePublished\":\"2022-03-30T14:13:34+00:00\",\"dateModified\":\"2022-04-27T09:12:57+00:00\",\"mainEntityOfPage\":{\"@id\":\"https:\\\/\\\/formation.france-terre-asile.org\\\/accueil-2\\\/formation-sur-la-prise-en-charge-des-mna-le-centre-de-formation-se-deplace-a-mayotte\\\/\"},\"wordCount\":194,\"publisher\":{\"@id\":\"https:\\\/\\\/formation.france-terre-asile.org\\\/accueil-2\\\/#organization\"},\"image\":{\"@id\":\"https:\\\/\\\/formation.france-terre-asile.org\\\/accueil-2\\\/formation-sur-la-prise-en-charge-des-mna-le-centre-de-formation-se-deplace-a-mayotte\\\/#primaryimage\"},\"thumbnailUrl\":\"https:\\\/\\\/formation.france-terre-asile.org\\\/wp-content\\\/uploads\\\/2022\\\/03\\\/IMG_0462.jpg\",\"articleSection\":[\"Archiv\u00e9\"],\"inLanguage\":\"fr-FR\"},{\"@type\":\"WebPage\",\"@id\":\"https:\\\/\\\/formation.france-terre-asile.org\\\/accueil-2\\\/formation-sur-la-prise-en-charge-des-mna-le-centre-de-formation-se-deplace-a-mayotte\\\/\",\"url\":\"https:\\\/\\\/formation.france-terre-asile.org\\\/accueil-2\\\/formation-sur-la-prise-en-charge-des-mna-le-centre-de-formation-se-deplace-a-mayotte\\\/\",\"name\":\"Le centre de formation se d\u00e9place \u00e0 Mayotte pour la formation sur l'\u00e9valuation social des MNA - Centre de formation France terre d&#039;asile\",\"isPartOf\":{\"@id\":\"https:\\\/\\\/formation.france-terre-asile.org\\\/accueil-2\\\/#website\"},\"primaryImageOfPage\":{\"@id\":\"https:\\\/\\\/formation.france-terre-asile.org\\\/accueil-2\\\/formation-sur-la-prise-en-charge-des-mna-le-centre-de-formation-se-deplace-a-mayotte\\\/#primaryimage\"},\"image\":{\"@id\":\"https:\\\/\\\/formation.france-terre-asile.org\\\/accueil-2\\\/formation-sur-la-prise-en-charge-des-mna-le-centre-de-formation-se-deplace-a-mayotte\\\/#primaryimage\"},\"thumbnailUrl\":\"https:\\\/\\\/formation.france-terre-asile.org\\\/wp-content\\\/uploads\\\/2022\\\/03\\\/IMG_0462.jpg\",\"datePublished\":\"2022-03-30T14:13:34+00:00\",\"dateModified\":\"2022-04-27T09:12:57+00:00\",\"breadcrumb\":{\"@id\":\"https:\\\/\\\/formation.france-terre-asile.org\\\/accueil-2\\\/formation-sur-la-prise-en-charge-des-mna-le-centre-de-formation-se-deplace-a-mayotte\\\/#breadcrumb\"},\"inLanguage\":\"fr-FR\",\"potentialAction\":[{\"@type\":\"ReadAction\",\"target\":[\"https:\\\/\\\/formation.france-terre-asile.org\\\/accueil-2\\\/formation-sur-la-prise-en-charge-des-mna-le-centre-de-formation-se-deplace-a-mayotte\\\/\"]}]},{\"@type\":\"ImageObject\",\"inLanguage\":\"fr-FR\",\"@id\":\"https:\\\/\\\/formation.france-terre-asile.org\\\/accueil-2\\\/formation-sur-la-prise-en-charge-des-mna-le-centre-de-formation-se-deplace-a-mayotte\\\/#primaryimage\",\"url\":\"https:\\\/\\\/formation.france-terre-asile.org\\\/wp-content\\\/uploads\\\/2022\\\/03\\\/IMG_0462.jpg\",\"contentUrl\":\"https:\\\/\\\/formation.france-terre-asile.org\\\/wp-content\\\/uploads\\\/2022\\\/03\\\/IMG_0462.jpg\",\"width\":2016,\"height\":1512,\"caption\":\"formation Mayotte\"},{\"@type\":\"BreadcrumbList\",\"@id\":\"https:\\\/\\\/formation.france-terre-asile.org\\\/accueil-2\\\/formation-sur-la-prise-en-charge-des-mna-le-centre-de-formation-se-deplace-a-mayotte\\\/#breadcrumb\",\"itemListElement\":[{\"@type\":\"ListItem\",\"position\":1,\"name\":\"Accueil\",\"item\":\"https:\\\/\\\/formation.france-terre-asile.org\\\/accueil-2\\\/\"},{\"@type\":\"ListItem\",\"position\":2,\"name\":\"Le centre de formation se d\u00e9place \u00e0 Mayotte pour la formation sur l&rsquo;\u00e9valuation social des MNA\"}]},{\"@type\":\"WebSite\",\"@id\":\"https:\\\/\\\/formation.france-terre-asile.org\\\/accueil-2\\\/#website\",\"url\":\"https:\\\/\\\/formation.france-terre-asile.org\\\/accueil-2\\\/\",\"name\":\"Centre de formation France terre d&#039;asile\",\"description\":\"\",\"publisher\":{\"@id\":\"https:\\\/\\\/formation.france-terre-asile.org\\\/accueil-2\\\/#organization\"},\"potentialAction\":[{\"@type\":\"SearchAction\",\"target\":{\"@type\":\"EntryPoint\",\"urlTemplate\":\"https:\\\/\\\/formation.france-terre-asile.org\\\/accueil-2\\\/?s={search_term_string}\"},\"query-input\":{\"@type\":\"PropertyValueSpecification\",\"valueRequired\":true,\"valueName\":\"search_term_string\"}}],\"inLanguage\":\"fr-FR\"},{\"@type\":\"Organization\",\"@id\":\"https:\\\/\\\/formation.france-terre-asile.org\\\/accueil-2\\\/#organization\",\"name\":\"Centre de formation France Terre d'Asile\",\"url\":\"https:\\\/\\\/formation.france-terre-asile.org\\\/accueil-2\\\/\",\"logo\":{\"@type\":\"ImageObject\",\"inLanguage\":\"fr-FR\",\"@id\":\"https:\\\/\\\/formation.france-terre-asile.org\\\/accueil-2\\\/#\\\/schema\\\/logo\\\/image\\\/\",\"url\":\"https:\\\/\\\/formation.france-terre-asile.org\\\/wp-content\\\/uploads\\\/2021\\\/03\\\/logo-50ans.png\",\"contentUrl\":\"https:\\\/\\\/formation.france-terre-asile.org\\\/wp-content\\\/uploads\\\/2021\\\/03\\\/logo-50ans.png\",\"width\":198,\"height\":114,\"caption\":\"Centre de formation France Terre d'Asile\"},\"image\":{\"@id\":\"https:\\\/\\\/formation.france-terre-asile.org\\\/accueil-2\\\/#\\\/schema\\\/logo\\\/image\\\/\"}},{\"@type\":\"Person\",\"@id\":\"https:\\\/\\\/formation.france-terre-asile.org\\\/accueil-2\\\/#\\\/schema\\\/person\\\/05b85b8ef7fde43b58d4fb6450411437\",\"name\":\"Arnold Larochelle\",\"image\":{\"@type\":\"ImageObject\",\"inLanguage\":\"fr-FR\",\"@id\":\"https:\\\/\\\/secure.gravatar.com\\\/avatar\\\/d30da25799c15329311f3f4cc6d493bc9e711efd13ca18ef4d8d2bc72a826118?s=96&d=mm&r=g\",\"url\":\"https:\\\/\\\/secure.gravatar.com\\\/avatar\\\/d30da25799c15329311f3f4cc6d493bc9e711efd13ca18ef4d8d2bc72a826118?s=96&d=mm&r=g\",\"contentUrl\":\"https:\\\/\\\/secure.gravatar.com\\\/avatar\\\/d30da25799c15329311f3f4cc6d493bc9e711efd13ca18ef4d8d2bc72a826118?s=96&d=mm&r=g\",\"caption\":\"Arnold Larochelle\"},\"url\":\"https:\\\/\\\/formation.france-terre-asile.org\\\/accueil-2\\\/author\\\/formationcf\\\/\"}]}<\/script>\n<!-- \/ Yoast SEO plugin. -->","yoast_head_json":{"title":"Le centre de formation se d\u00e9place \u00e0 Mayotte pour la formation sur l'\u00e9valuation social des MNA - Centre de formation France terre d&#039;asile","robots":{"index":"index","follow":"follow","max-snippet":"max-snippet:-1","max-image-preview":"max-image-preview:large","max-video-preview":"max-video-preview:-1"},"canonical":"https:\/\/formation.france-terre-asile.org\/accueil-2\/formation-sur-la-prise-en-charge-des-mna-le-centre-de-formation-se-deplace-a-mayotte\/","og_locale":"fr_FR","og_type":"article","og_title":"Le centre de formation se d\u00e9place \u00e0 Mayotte pour la formation sur l'\u00e9valuation social des MNA - Centre de formation France terre d&#039;asile","og_description":"Le centre de formation se d\u00e9place \u00e0 Mayotte pour la formation sur l&rsquo;\u00e9valuation social des MNA Dispens\u00e9e pour l&rsquo;association MLEZI &#8211; MAORE \u00e0 Mayotte, cette formation avait pour vocation de former les \u00e9quipes locales \u00e0 la m\u00e9thode de l&rsquo;\u00e9valuation sociale, et de donner les principes de l&rsquo;accompagnement tout en prenant en compte le contexte locale. [&hellip;]","og_url":"https:\/\/formation.france-terre-asile.org\/accueil-2\/formation-sur-la-prise-en-charge-des-mna-le-centre-de-formation-se-deplace-a-mayotte\/","og_site_name":"Centre de formation France terre d&#039;asile","article_published_time":"2022-03-30T14:13:34+00:00","article_modified_time":"2022-04-27T09:12:57+00:00","og_image":[{"width":2016,"height":1512,"url":"https:\/\/formation.france-terre-asile.org\/wp-content\/uploads\/2022\/03\/IMG_0462.jpg","type":"image\/jpeg"}],"author":"Arnold Larochelle","twitter_card":"summary_large_image","twitter_misc":{"\u00c9crit par":"Arnold Larochelle","Dur\u00e9e de lecture estim\u00e9e":"2 minutes"},"schema":{"@context":"https:\/\/schema.org","@graph":[{"@type":"Article","@id":"https:\/\/formation.france-terre-asile.org\/accueil-2\/formation-sur-la-prise-en-charge-des-mna-le-centre-de-formation-se-deplace-a-mayotte\/#article","isPartOf":{"@id":"https:\/\/formation.france-terre-asile.org\/accueil-2\/formation-sur-la-prise-en-charge-des-mna-le-centre-de-formation-se-deplace-a-mayotte\/"},"author":{"name":"Arnold Larochelle","@id":"https:\/\/formation.france-terre-asile.org\/accueil-2\/#\/schema\/person\/05b85b8ef7fde43b58d4fb6450411437"},"headline":"Le centre de formation se d\u00e9place \u00e0 Mayotte pour la formation sur l&rsquo;\u00e9valuation social des MNA","datePublished":"2022-03-30T14:13:34+00:00","dateModified":"2022-04-27T09:12:57+00:00","mainEntityOfPage":{"@id":"https:\/\/formation.france-terre-asile.org\/accueil-2\/formation-sur-la-prise-en-charge-des-mna-le-centre-de-formation-se-deplace-a-mayotte\/"},"wordCount":194,"publisher":{"@id":"https:\/\/formation.france-terre-asile.org\/accueil-2\/#organization"},"image":{"@id":"https:\/\/formation.france-terre-asile.org\/accueil-2\/formation-sur-la-prise-en-charge-des-mna-le-centre-de-formation-se-deplace-a-mayotte\/#primaryimage"},"thumbnailUrl":"https:\/\/formation.france-terre-asile.org\/wp-content\/uploads\/2022\/03\/IMG_0462.jpg","articleSection":["Archiv\u00e9"],"inLanguage":"fr-FR"},{"@type":"WebPage","@id":"https:\/\/formation.france-terre-asile.org\/accueil-2\/formation-sur-la-prise-en-charge-des-mna-le-centre-de-formation-se-deplace-a-mayotte\/","url":"https:\/\/formation.france-terre-asile.org\/accueil-2\/formation-sur-la-prise-en-charge-des-mna-le-centre-de-formation-se-deplace-a-mayotte\/","name":"Le centre de formation se d\u00e9place \u00e0 Mayotte pour la formation sur l'\u00e9valuation social des MNA - Centre de formation France terre d&#039;asile","isPartOf":{"@id":"https:\/\/formation.france-terre-asile.org\/accueil-2\/#website"},"primaryImageOfPage":{"@id":"https:\/\/formation.france-terre-asile.org\/accueil-2\/formation-sur-la-prise-en-charge-des-mna-le-centre-de-formation-se-deplace-a-mayotte\/#primaryimage"},"image":{"@id":"https:\/\/formation.france-terre-asile.org\/accueil-2\/formation-sur-la-prise-en-charge-des-mna-le-centre-de-formation-se-deplace-a-mayotte\/#primaryimage"},"thumbnailUrl":"https:\/\/formation.france-terre-asile.org\/wp-content\/uploads\/2022\/03\/IMG_0462.jpg","datePublished":"2022-03-30T14:13:34+00:00","dateModified":"2022-04-27T09:12:57+00:00","breadcrumb":{"@id":"https:\/\/formation.france-terre-asile.org\/accueil-2\/formation-sur-la-prise-en-charge-des-mna-le-centre-de-formation-se-deplace-a-mayotte\/#breadcrumb"},"inLanguage":"fr-FR","potentialAction":[{"@type":"ReadAction","target":["https:\/\/formation.france-terre-asile.org\/accueil-2\/formation-sur-la-prise-en-charge-des-mna-le-centre-de-formation-se-deplace-a-mayotte\/"]}]},{"@type":"ImageObject","inLanguage":"fr-FR","@id":"https:\/\/formation.france-terre-asile.org\/accueil-2\/formation-sur-la-prise-en-charge-des-mna-le-centre-de-formation-se-deplace-a-mayotte\/#primaryimage","url":"https:\/\/formation.france-terre-asile.org\/wp-content\/uploads\/2022\/03\/IMG_0462.jpg","contentUrl":"https:\/\/formation.france-terre-asile.org\/wp-content\/uploads\/2022\/03\/IMG_0462.jpg","width":2016,"height":1512,"caption":"formation Mayotte"},{"@type":"BreadcrumbList","@id":"https:\/\/formation.france-terre-asile.org\/accueil-2\/formation-sur-la-prise-en-charge-des-mna-le-centre-de-formation-se-deplace-a-mayotte\/#breadcrumb","itemListElement":[{"@type":"ListItem","position":1,"name":"Accueil","item":"https:\/\/formation.france-terre-asile.org\/accueil-2\/"},{"@type":"ListItem","position":2,"name":"Le centre de formation se d\u00e9place \u00e0 Mayotte pour la formation sur l&rsquo;\u00e9valuation social des MNA"}]},{"@type":"WebSite","@id":"https:\/\/formation.france-terre-asile.org\/accueil-2\/#website","url":"https:\/\/formation.france-terre-asile.org\/accueil-2\/","name":"Centre de formation France terre d&#039;asile","description":"","publisher":{"@id":"https:\/\/formation.france-terre-asile.org\/accueil-2\/#organization"},"potentialAction":[{"@type":"SearchAction","target":{"@type":"EntryPoint","urlTemplate":"https:\/\/formation.france-terre-asile.org\/accueil-2\/?s={search_term_string}"},"query-input":{"@type":"PropertyValueSpecification","valueRequired":true,"valueName":"search_term_string"}}],"inLanguage":"fr-FR"},{"@type":"Organization","@id":"https:\/\/formation.france-terre-asile.org\/accueil-2\/#organization","name":"Centre de formation France Terre d'Asile","url":"https:\/\/formation.france-terre-asile.org\/accueil-2\/","logo":{"@type":"ImageObject","inLanguage":"fr-FR","@id":"https:\/\/formation.france-terre-asile.org\/accueil-2\/#\/schema\/logo\/image\/","url":"https:\/\/formation.france-terre-asile.org\/wp-content\/uploads\/2021\/03\/logo-50ans.png","contentUrl":"https:\/\/formation.france-terre-asile.org\/wp-content\/uploads\/2021\/03\/logo-50ans.png","width":198,"height":114,"caption":"Centre de formation France Terre d'Asile"},"image":{"@id":"https:\/\/formation.france-terre-asile.org\/accueil-2\/#\/schema\/logo\/image\/"}},{"@type":"Person","@id":"https:\/\/formation.france-terre-asile.org\/accueil-2\/#\/schema\/person\/05b85b8ef7fde43b58d4fb6450411437","name":"Arnold Larochelle","image":{"@type":"ImageObject","inLanguage":"fr-FR","@id":"https:\/\/secure.gravatar.com\/avatar\/d30da25799c15329311f3f4cc6d493bc9e711efd13ca18ef4d8d2bc72a826118?s=96&d=mm&r=g","url":"https:\/\/secure.gravatar.com\/avatar\/d30da25799c15329311f3f4cc6d493bc9e711efd13ca18ef4d8d2bc72a826118?s=96&d=mm&r=g","contentUrl":"https:\/\/secure.gravatar.com\/avatar\/d30da25799c15329311f3f4cc6d493bc9e711efd13ca18ef4d8d2bc72a826118?s=96&d=mm&r=g","caption":"Arnold Larochelle"},"url":"https:\/\/formation.france-terre-asile.org\/accueil-2\/author\/formationcf\/"}]}},"uagb_featured_image_src":{"full":["https:\/\/formation.france-terre-asile.org\/wp-content\/uploads\/2022\/03\/IMG_0462.jpg",2016,1512,false],"thumbnail":["https:\/\/formation.france-terre-asile.org\/wp-content\/uploads\/2022\/03\/IMG_0462-150x150.jpg",150,150,true],"medium":["https:\/\/formation.france-terre-asile.org\/wp-content\/uploads\/2022\/03\/IMG_0462-300x225.jpg",300,225,true],"medium_large":["https:\/\/formation.france-terre-asile.org\/wp-content\/uploads\/2022\/03\/IMG_0462.jpg",768,576,false],"large":["https:\/\/formation.france-terre-asile.org\/wp-content\/uploads\/2022\/03\/IMG_0462-1024x768.jpg",1024,768,true],"1536x1536":["https:\/\/formation.france-terre-asile.org\/wp-content\/uploads\/2022\/03\/IMG_0462-1536x1152.jpg",1536,1152,true],"2048x2048":["https:\/\/formation.france-terre-asile.org\/wp-content\/uploads\/2022\/03\/IMG_0462.jpg",2016,1512,false],"et-pb-post-main-image":["https:\/\/formation.france-terre-asile.org\/wp-content\/uploads\/2022\/03\/IMG_0462.jpg",333,250,false],"et-pb-post-main-image-fullwidth":["https:\/\/formation.france-terre-asile.org\/wp-content\/uploads\/2022\/03\/IMG_0462.jpg",900,675,false],"et-pb-portfolio-image":["https:\/\/formation.france-terre-asile.org\/wp-content\/uploads\/2022\/03\/IMG_0462.jpg",379,284,false],"et-pb-portfolio-module-image":["https:\/\/formation.france-terre-asile.org\/wp-content\/uploads\/2022\/03\/IMG_0462.jpg",510,382,false],"et-pb-portfolio-image-single":["https:\/\/formation.france-terre-asile.org\/wp-content\/uploads\/2022\/03\/IMG_0462.jpg",1080,810,false],"et-pb-gallery-module-image-portrait":["https:\/\/formation.france-terre-asile.org\/wp-content\/uploads\/2022\/03\/IMG_0462.jpg",400,300,false],"et-pb-post-main-image-fullwidth-large":["https:\/\/formation.france-terre-asile.org\/wp-content\/uploads\/2022\/03\/IMG_0462.jpg",2016,1512,false],"et-pb-image--responsive--desktop":["https:\/\/formation.france-terre-asile.org\/wp-content\/uploads\/2022\/03\/IMG_0462.jpg",960,720,false],"et-pb-image--responsive--tablet":["https:\/\/formation.france-terre-asile.org\/wp-content\/uploads\/2022\/03\/IMG_0462.jpg",735,551,false],"et-pb-image--responsive--phone":["https:\/\/formation.france-terre-asile.org\/wp-content\/uploads\/2022\/03\/IMG_0462.jpg",360,270,false]},"uagb_author_info":{"display_name":"Arnold Larochelle","author_link":"https:\/\/formation.france-terre-asile.org\/accueil-2\/author\/formationcf\/"},"uagb_comment_info":0,"uagb_excerpt":"Le centre de formation se d\u00e9place \u00e0 Mayotte pour la formation sur l&rsquo;\u00e9valuation social des MNA Dispens\u00e9e pour l&rsquo;association MLEZI &#8211; MAORE \u00e0 Mayotte, cette formation avait pour vocation de former les \u00e9quipes locales \u00e0 la m\u00e9thode de l&rsquo;\u00e9valuation sociale, et de donner les principes de l&rsquo;accompagnement tout en prenant en compte le contexte locale.\u2026","_links":{"self":[{"href":"https:\/\/formation.france-terre-asile.org\/accueil-2\/wp-json\/wp\/v2\/posts\/2374","targetHints":{"allow":["GET"]}}],"collection":[{"href":"https:\/\/formation.france-terre-asile.org\/accueil-2\/wp-json\/wp\/v2\/posts"}],"about":[{"href":"https:\/\/formation.france-terre-asile.org\/accueil-2\/wp-json\/wp\/v2\/types\/post"}],"author":[{"embeddable":true,"href":"https:\/\/formation.france-terre-asile.org\/accueil-2\/wp-json\/wp\/v2\/users\/3"}],"replies":[{"embeddable":true,"href":"https:\/\/formation.france-terre-asile.org\/accueil-2\/wp-json\/wp\/v2\/comments?post=2374"}],"version-history":[{"count":4,"href":"https:\/\/formation.france-terre-asile.org\/accueil-2\/wp-json\/wp\/v2\/posts\/2374\/revisions"}],"predecessor-version":[{"id":2425,"href":"https:\/\/formation.france-terre-asile.org\/accueil-2\/wp-json\/wp\/v2\/posts\/2374\/revisions\/2425"}],"wp:featuredmedia":[{"embeddable":true,"href":"https:\/\/formation.france-terre-asile.org\/accueil-2\/wp-json\/wp\/v2\/media\/2381"}],"wp:attachment":[{"href":"https:\/\/formation.france-terre-asile.org\/accueil-2\/wp-json\/wp\/v2\/media?parent=2374"}],"wp:term":[{"taxonomy":"category","embeddable":true,"href":"https:\/\/formation.france-terre-asile.org\/accueil-2\/wp-json\/wp\/v2\/categories?post=2374"},{"taxonomy":"post_tag","embeddable":true,"href":"https:\/\/formation.france-terre-asile.org\/accueil-2\/wp-json\/wp\/v2\/tags?post=2374"}],"curies":[{"name":"wp","href":"https:\/\/api.w.org\/{rel}","templated":true}]}}