{"id":2522,"date":"2022-04-27T10:40:13","date_gmt":"2022-04-27T08:40:13","guid":{"rendered":"https:\/\/formation.france-terre-asile.org\/?p=2522"},"modified":"2022-07-11T13:09:04","modified_gmt":"2022-07-11T11:09:04","slug":"formation-en-distanciel-le-15-16-17-juin-2022-prise-en-charge-et-accompagnement-des-mineurs-non-accompagnes","status":"publish","type":"post","link":"https:\/\/formation.france-terre-asile.org\/accueil-2\/formation-en-distanciel-le-15-16-17-juin-2022-prise-en-charge-et-accompagnement-des-mineurs-non-accompagnes\/","title":{"rendered":"Formation en distanciel le 15-16-17 juin 2022 &#8211; Prise en charge et accompagnement des mineurs non accompagn\u00e9s"},"content":{"rendered":"\n<h2 class=\"wp-block-heading\" id=\"aide-aux-dossiers-niveau-2-la-procedure-cnda-le-7-et-8-mars\">Prise en charge et accompagnement des mineurs non accompagn\u00e9s en distanciel &#8211; Formez vous o\u00f9 que vous soyez et avec peps !<\/h2>\n\n\n\n<div class=\"wp-block-columns is-layout-flex wp-container-core-columns-is-layout-9d6595d7 wp-block-columns-is-layout-flex\">\n<div class=\"wp-block-column is-layout-flow wp-block-column-is-layout-flow\">\n<p>Le 15-16-17 juin prochain se tiendra en distanciel la formation \u201d Prise en charge et accompagnement des mineurs non accompagn\u00e9s\u201d. Gr\u00e2ce \u00e0 cette formation les professionnels du secteur social pourront approfondir leurs connaissances sur diff\u00e9rents points :<\/p>\n\n\n\n<ul class=\"wp-block-list\"><li>Appr\u00e9hender l\u2019accompagnement des mineurs \u00e9trangers de mani\u00e8re globale afin d\u2019identifier les enjeux socio-\u00e9ducatifs, administratifs et psychologiques  pour adopter une posture adapt\u00e9e.<\/li><\/ul>\n\n\n\n<ul class=\"wp-block-list\"><li>Ma\u00eetriser le dispositif de prise en charge administrative et le r\u00f4le des diff\u00e9rents acteurs<\/li><\/ul>\n\n\n\n<ul class=\"wp-block-list\"><li>Conna\u00eetre les aspects juridiques li\u00e9s \u00e0 leur s\u00e9jour en France et les possibilit\u00e9s de r\u00e9gularisation \u00e0 leur majorit\u00e9<\/li><\/ul>\n\n\n\n<ul class=\"wp-block-list\"><li>Proposer un accompagnement socio-\u00e9ducatif adapt\u00e9, en identifiant leurs besoins \u00e9ducatifs et les lieux ressources pour y r\u00e9pondre<\/li><\/ul>\n\n\n\n<ul class=\"wp-block-list\"><li>Comprendre l\u2019impact psychologique de l\u2019exil dans la construction du jeune en identifiant ses besoins psychologiques et en appr\u00e9hendant la d\u00e9marche interculturelle<\/li><\/ul>\n\n\n\n<p>Cette formation s&rsquo;adresse \u00e0 tout professionnel intervenant aupr\u00e8s de mineurs non accompagn\u00e9s ; elle ne n\u00e9cessite aucun pr\u00e9requis pour y participer.<\/p>\n<\/div>\n\n\n\n<div class=\"wp-block-column is-layout-flow wp-block-column-is-layout-flow\">\n<figure class=\"wp-block-image size-large\"><img loading=\"lazy\" decoding=\"async\" width=\"1024\" height=\"768\" src=\"https:\/\/formation.france-terre-asile.org\/wp-content\/uploads\/2021\/06\/IMG-1745-min-1-1024x768.jpg\" alt=\"Formation ftda\" class=\"wp-image-1078\" srcset=\"https:\/\/formation.france-terre-asile.org\/wp-content\/uploads\/2021\/06\/IMG-1745-min-1-1024x768.jpg 1024w, https:\/\/formation.france-terre-asile.org\/wp-content\/uploads\/2021\/06\/IMG-1745-min-1-300x225.jpg 300w, https:\/\/formation.france-terre-asile.org\/wp-content\/uploads\/2021\/06\/IMG-1745-min-1-1536x1152.jpg 1536w, https:\/\/formation.france-terre-asile.org\/wp-content\/uploads\/2021\/06\/IMG-1745-min-1-2048x1536.jpg 2048w\" sizes=\"(max-width: 1024px) 100vw, 1024px\" \/><\/figure>\n<\/div>\n<\/div>\n\n\n\n<div class=\"wp-block-uagb-buttons uagb-buttons__outer-wrap uagb-block-89aaca52\"><div class=\"uagb-buttons__wrap uagb-buttons-layout-wrap\">\n<div class=\"wp-block-uagb-buttons-child uagb-buttons__outer-wrap uagb-block-c741838c\"><div class=\"uagb-button__wrapper\"><a class=\"uagb-buttons-repeater\" href=\"https:\/\/formation.france-terre-asile.org\/inscription-aux-formations\/\" rel=\"noopener noreferrer\" target=\"_self\"><div class=\"uagb-button__link\">Je m&rsquo;inscris<\/div><span class=\"uagb-button__icon uagb-button__icon-position-after\"><svg xmlns=\"http:\/\/www.w3.org\/2000\/svg\" viewBox=\"0 0 512 512\"><path d=\"M256 8c137 0 248 111 248 248S393 504 256 504 8 393 8 256 119 8 256 8zM140 300h116v70.9c0 10.7 13 16.1 20.5 8.5l114.3-114.9c4.7-4.7 4.7-12.2 0-16.9l-114.3-115c-7.6-7.6-20.5-2.2-20.5 8.5V212H140c-6.6 0-12 5.4-12 12v64c0 6.6 5.4 12 12 12z\"><\/path><\/svg><\/span><\/a><\/div><\/div>\n<\/div><\/div>\n","protected":false},"excerpt":{"rendered":"<p>Prise en charge et accompagnement des mineurs non accompagn\u00e9s en distanciel &#8211; Formez vous o\u00f9 que vous soyez et avec peps ! Le 15-16-17 juin prochain se tiendra en distanciel la formation \u201d Prise en charge et accompagnement des mineurs non accompagn\u00e9s\u201d. Gr\u00e2ce \u00e0 cette formation les professionnels du secteur social pourront approfondir leurs connaissances [&hellip;]<\/p>\n","protected":false},"author":3,"featured_media":2523,"comment_status":"closed","ping_status":"closed","sticky":false,"template":"","format":"standard","meta":{"_et_pb_use_builder":"","_et_pb_old_content":"","_et_gb_content_width":"","_uag_custom_page_level_css":"","_monsterinsights_skip_tracking":false,"_monsterinsights_sitenote_active":false,"_monsterinsights_sitenote_note":"","_monsterinsights_sitenote_category":0,"footnotes":""},"categories":[16],"tags":[],"class_list":["post-2522","post","type-post","status-publish","format-standard","has-post-thumbnail","hentry","category-archive"],"yoast_head":"<!-- This site is optimized with the Yoast SEO plugin v27.4 - https:\/\/yoast.com\/product\/yoast-seo-wordpress\/ -->\n<title>Formation en distanciel le 15-16-17 juin 2022 - Prise en charge et accompagnement des mineurs non accompagn\u00e9s - Centre de formation France terre d&#039;asile<\/title>\n<meta name=\"robots\" content=\"index, follow, max-snippet:-1, max-image-preview:large, max-video-preview:-1\" \/>\n<link rel=\"canonical\" href=\"https:\/\/formation.france-terre-asile.org\/accueil-2\/formation-en-distanciel-le-15-16-17-juin-2022-prise-en-charge-et-accompagnement-des-mineurs-non-accompagnes\/\" \/>\n<meta property=\"og:locale\" content=\"fr_FR\" \/>\n<meta property=\"og:type\" content=\"article\" \/>\n<meta property=\"og:title\" content=\"Formation en distanciel le 15-16-17 juin 2022 - Prise en charge et accompagnement des mineurs non accompagn\u00e9s - Centre de formation France terre d&#039;asile\" \/>\n<meta property=\"og:description\" content=\"Prise en charge et accompagnement des mineurs non accompagn\u00e9s en distanciel &#8211; Formez vous o\u00f9 que vous soyez et avec peps ! Le 15-16-17 juin prochain se tiendra en distanciel la formation \u201d Prise en charge et accompagnement des mineurs non accompagn\u00e9s\u201d. Gr\u00e2ce \u00e0 cette formation les professionnels du secteur social pourront approfondir leurs connaissances [&hellip;]\" \/>\n<meta property=\"og:url\" content=\"https:\/\/formation.france-terre-asile.org\/accueil-2\/formation-en-distanciel-le-15-16-17-juin-2022-prise-en-charge-et-accompagnement-des-mineurs-non-accompagnes\/\" \/>\n<meta property=\"og:site_name\" content=\"Centre de formation France terre d&#039;asile\" \/>\n<meta property=\"article:published_time\" content=\"2022-04-27T08:40:13+00:00\" \/>\n<meta property=\"article:modified_time\" content=\"2022-07-11T11:09:04+00:00\" \/>\n<meta property=\"og:image\" content=\"https:\/\/formation.france-terre-asile.org\/wp-content\/uploads\/2022\/04\/annie-spratt-r0BkgGsvcK0-unsplash.jpg\" \/>\n\t<meta property=\"og:image:width\" content=\"1920\" \/>\n\t<meta property=\"og:image:height\" content=\"1440\" \/>\n\t<meta property=\"og:image:type\" content=\"image\/jpeg\" \/>\n<meta name=\"author\" content=\"Arnold Larochelle\" \/>\n<meta name=\"twitter:card\" content=\"summary_large_image\" \/>\n<meta name=\"twitter:label1\" content=\"\u00c9crit par\" \/>\n\t<meta name=\"twitter:data1\" content=\"Arnold Larochelle\" \/>\n\t<meta name=\"twitter:label2\" content=\"Dur\u00e9e de lecture estim\u00e9e\" \/>\n\t<meta name=\"twitter:data2\" content=\"2 minutes\" \/>\n<script type=\"application\/ld+json\" class=\"yoast-schema-graph\">{\"@context\":\"https:\\\/\\\/schema.org\",\"@graph\":[{\"@type\":\"Article\",\"@id\":\"https:\\\/\\\/formation.france-terre-asile.org\\\/accueil-2\\\/formation-en-distanciel-le-15-16-17-juin-2022-prise-en-charge-et-accompagnement-des-mineurs-non-accompagnes\\\/#article\",\"isPartOf\":{\"@id\":\"https:\\\/\\\/formation.france-terre-asile.org\\\/accueil-2\\\/formation-en-distanciel-le-15-16-17-juin-2022-prise-en-charge-et-accompagnement-des-mineurs-non-accompagnes\\\/\"},\"author\":{\"name\":\"Arnold Larochelle\",\"@id\":\"https:\\\/\\\/formation.france-terre-asile.org\\\/accueil-2\\\/#\\\/schema\\\/person\\\/05b85b8ef7fde43b58d4fb6450411437\"},\"headline\":\"Formation en distanciel le 15-16-17 juin 2022 &#8211; Prise en charge et accompagnement des mineurs non accompagn\u00e9s\",\"datePublished\":\"2022-04-27T08:40:13+00:00\",\"dateModified\":\"2022-07-11T11:09:04+00:00\",\"mainEntityOfPage\":{\"@id\":\"https:\\\/\\\/formation.france-terre-asile.org\\\/accueil-2\\\/formation-en-distanciel-le-15-16-17-juin-2022-prise-en-charge-et-accompagnement-des-mineurs-non-accompagnes\\\/\"},\"wordCount\":210,\"publisher\":{\"@id\":\"https:\\\/\\\/formation.france-terre-asile.org\\\/accueil-2\\\/#organization\"},\"image\":{\"@id\":\"https:\\\/\\\/formation.france-terre-asile.org\\\/accueil-2\\\/formation-en-distanciel-le-15-16-17-juin-2022-prise-en-charge-et-accompagnement-des-mineurs-non-accompagnes\\\/#primaryimage\"},\"thumbnailUrl\":\"https:\\\/\\\/formation.france-terre-asile.org\\\/wp-content\\\/uploads\\\/2022\\\/04\\\/annie-spratt-r0BkgGsvcK0-unsplash.jpg\",\"articleSection\":[\"Archiv\u00e9\"],\"inLanguage\":\"fr-FR\"},{\"@type\":\"WebPage\",\"@id\":\"https:\\\/\\\/formation.france-terre-asile.org\\\/accueil-2\\\/formation-en-distanciel-le-15-16-17-juin-2022-prise-en-charge-et-accompagnement-des-mineurs-non-accompagnes\\\/\",\"url\":\"https:\\\/\\\/formation.france-terre-asile.org\\\/accueil-2\\\/formation-en-distanciel-le-15-16-17-juin-2022-prise-en-charge-et-accompagnement-des-mineurs-non-accompagnes\\\/\",\"name\":\"Formation en distanciel le 15-16-17 juin 2022 - Prise en charge et accompagnement des mineurs non accompagn\u00e9s - Centre de formation France terre d&#039;asile\",\"isPartOf\":{\"@id\":\"https:\\\/\\\/formation.france-terre-asile.org\\\/accueil-2\\\/#website\"},\"primaryImageOfPage\":{\"@id\":\"https:\\\/\\\/formation.france-terre-asile.org\\\/accueil-2\\\/formation-en-distanciel-le-15-16-17-juin-2022-prise-en-charge-et-accompagnement-des-mineurs-non-accompagnes\\\/#primaryimage\"},\"image\":{\"@id\":\"https:\\\/\\\/formation.france-terre-asile.org\\\/accueil-2\\\/formation-en-distanciel-le-15-16-17-juin-2022-prise-en-charge-et-accompagnement-des-mineurs-non-accompagnes\\\/#primaryimage\"},\"thumbnailUrl\":\"https:\\\/\\\/formation.france-terre-asile.org\\\/wp-content\\\/uploads\\\/2022\\\/04\\\/annie-spratt-r0BkgGsvcK0-unsplash.jpg\",\"datePublished\":\"2022-04-27T08:40:13+00:00\",\"dateModified\":\"2022-07-11T11:09:04+00:00\",\"breadcrumb\":{\"@id\":\"https:\\\/\\\/formation.france-terre-asile.org\\\/accueil-2\\\/formation-en-distanciel-le-15-16-17-juin-2022-prise-en-charge-et-accompagnement-des-mineurs-non-accompagnes\\\/#breadcrumb\"},\"inLanguage\":\"fr-FR\",\"potentialAction\":[{\"@type\":\"ReadAction\",\"target\":[\"https:\\\/\\\/formation.france-terre-asile.org\\\/accueil-2\\\/formation-en-distanciel-le-15-16-17-juin-2022-prise-en-charge-et-accompagnement-des-mineurs-non-accompagnes\\\/\"]}]},{\"@type\":\"ImageObject\",\"inLanguage\":\"fr-FR\",\"@id\":\"https:\\\/\\\/formation.france-terre-asile.org\\\/accueil-2\\\/formation-en-distanciel-le-15-16-17-juin-2022-prise-en-charge-et-accompagnement-des-mineurs-non-accompagnes\\\/#primaryimage\",\"url\":\"https:\\\/\\\/formation.france-terre-asile.org\\\/wp-content\\\/uploads\\\/2022\\\/04\\\/annie-spratt-r0BkgGsvcK0-unsplash.jpg\",\"contentUrl\":\"https:\\\/\\\/formation.france-terre-asile.org\\\/wp-content\\\/uploads\\\/2022\\\/04\\\/annie-spratt-r0BkgGsvcK0-unsplash.jpg\",\"width\":1920,\"height\":1440,\"caption\":\"Visuel-article-PECMIE\"},{\"@type\":\"BreadcrumbList\",\"@id\":\"https:\\\/\\\/formation.france-terre-asile.org\\\/accueil-2\\\/formation-en-distanciel-le-15-16-17-juin-2022-prise-en-charge-et-accompagnement-des-mineurs-non-accompagnes\\\/#breadcrumb\",\"itemListElement\":[{\"@type\":\"ListItem\",\"position\":1,\"name\":\"Accueil\",\"item\":\"https:\\\/\\\/formation.france-terre-asile.org\\\/accueil-2\\\/\"},{\"@type\":\"ListItem\",\"position\":2,\"name\":\"Formation en distanciel le 15-16-17 juin 2022 &#8211; Prise en charge et accompagnement des mineurs non accompagn\u00e9s\"}]},{\"@type\":\"WebSite\",\"@id\":\"https:\\\/\\\/formation.france-terre-asile.org\\\/accueil-2\\\/#website\",\"url\":\"https:\\\/\\\/formation.france-terre-asile.org\\\/accueil-2\\\/\",\"name\":\"Centre de formation France terre d&#039;asile\",\"description\":\"\",\"publisher\":{\"@id\":\"https:\\\/\\\/formation.france-terre-asile.org\\\/accueil-2\\\/#organization\"},\"potentialAction\":[{\"@type\":\"SearchAction\",\"target\":{\"@type\":\"EntryPoint\",\"urlTemplate\":\"https:\\\/\\\/formation.france-terre-asile.org\\\/accueil-2\\\/?s={search_term_string}\"},\"query-input\":{\"@type\":\"PropertyValueSpecification\",\"valueRequired\":true,\"valueName\":\"search_term_string\"}}],\"inLanguage\":\"fr-FR\"},{\"@type\":\"Organization\",\"@id\":\"https:\\\/\\\/formation.france-terre-asile.org\\\/accueil-2\\\/#organization\",\"name\":\"Centre de formation France Terre d'Asile\",\"url\":\"https:\\\/\\\/formation.france-terre-asile.org\\\/accueil-2\\\/\",\"logo\":{\"@type\":\"ImageObject\",\"inLanguage\":\"fr-FR\",\"@id\":\"https:\\\/\\\/formation.france-terre-asile.org\\\/accueil-2\\\/#\\\/schema\\\/logo\\\/image\\\/\",\"url\":\"https:\\\/\\\/formation.france-terre-asile.org\\\/wp-content\\\/uploads\\\/2021\\\/03\\\/logo-50ans.png\",\"contentUrl\":\"https:\\\/\\\/formation.france-terre-asile.org\\\/wp-content\\\/uploads\\\/2021\\\/03\\\/logo-50ans.png\",\"width\":198,\"height\":114,\"caption\":\"Centre de formation France Terre d'Asile\"},\"image\":{\"@id\":\"https:\\\/\\\/formation.france-terre-asile.org\\\/accueil-2\\\/#\\\/schema\\\/logo\\\/image\\\/\"}},{\"@type\":\"Person\",\"@id\":\"https:\\\/\\\/formation.france-terre-asile.org\\\/accueil-2\\\/#\\\/schema\\\/person\\\/05b85b8ef7fde43b58d4fb6450411437\",\"name\":\"Arnold Larochelle\",\"image\":{\"@type\":\"ImageObject\",\"inLanguage\":\"fr-FR\",\"@id\":\"https:\\\/\\\/secure.gravatar.com\\\/avatar\\\/d30da25799c15329311f3f4cc6d493bc9e711efd13ca18ef4d8d2bc72a826118?s=96&d=mm&r=g\",\"url\":\"https:\\\/\\\/secure.gravatar.com\\\/avatar\\\/d30da25799c15329311f3f4cc6d493bc9e711efd13ca18ef4d8d2bc72a826118?s=96&d=mm&r=g\",\"contentUrl\":\"https:\\\/\\\/secure.gravatar.com\\\/avatar\\\/d30da25799c15329311f3f4cc6d493bc9e711efd13ca18ef4d8d2bc72a826118?s=96&d=mm&r=g\",\"caption\":\"Arnold Larochelle\"},\"url\":\"https:\\\/\\\/formation.france-terre-asile.org\\\/accueil-2\\\/author\\\/formationcf\\\/\"}]}<\/script>\n<!-- \/ Yoast SEO plugin. -->","yoast_head_json":{"title":"Formation en distanciel le 15-16-17 juin 2022 - Prise en charge et accompagnement des mineurs non accompagn\u00e9s - Centre de formation France terre d&#039;asile","robots":{"index":"index","follow":"follow","max-snippet":"max-snippet:-1","max-image-preview":"max-image-preview:large","max-video-preview":"max-video-preview:-1"},"canonical":"https:\/\/formation.france-terre-asile.org\/accueil-2\/formation-en-distanciel-le-15-16-17-juin-2022-prise-en-charge-et-accompagnement-des-mineurs-non-accompagnes\/","og_locale":"fr_FR","og_type":"article","og_title":"Formation en distanciel le 15-16-17 juin 2022 - Prise en charge et accompagnement des mineurs non accompagn\u00e9s - Centre de formation France terre d&#039;asile","og_description":"Prise en charge et accompagnement des mineurs non accompagn\u00e9s en distanciel &#8211; Formez vous o\u00f9 que vous soyez et avec peps ! Le 15-16-17 juin prochain se tiendra en distanciel la formation \u201d Prise en charge et accompagnement des mineurs non accompagn\u00e9s\u201d. Gr\u00e2ce \u00e0 cette formation les professionnels du secteur social pourront approfondir leurs connaissances [&hellip;]","og_url":"https:\/\/formation.france-terre-asile.org\/accueil-2\/formation-en-distanciel-le-15-16-17-juin-2022-prise-en-charge-et-accompagnement-des-mineurs-non-accompagnes\/","og_site_name":"Centre de formation France terre d&#039;asile","article_published_time":"2022-04-27T08:40:13+00:00","article_modified_time":"2022-07-11T11:09:04+00:00","og_image":[{"width":1920,"height":1440,"url":"https:\/\/formation.france-terre-asile.org\/wp-content\/uploads\/2022\/04\/annie-spratt-r0BkgGsvcK0-unsplash.jpg","type":"image\/jpeg"}],"author":"Arnold Larochelle","twitter_card":"summary_large_image","twitter_misc":{"\u00c9crit par":"Arnold Larochelle","Dur\u00e9e de lecture estim\u00e9e":"2 minutes"},"schema":{"@context":"https:\/\/schema.org","@graph":[{"@type":"Article","@id":"https:\/\/formation.france-terre-asile.org\/accueil-2\/formation-en-distanciel-le-15-16-17-juin-2022-prise-en-charge-et-accompagnement-des-mineurs-non-accompagnes\/#article","isPartOf":{"@id":"https:\/\/formation.france-terre-asile.org\/accueil-2\/formation-en-distanciel-le-15-16-17-juin-2022-prise-en-charge-et-accompagnement-des-mineurs-non-accompagnes\/"},"author":{"name":"Arnold Larochelle","@id":"https:\/\/formation.france-terre-asile.org\/accueil-2\/#\/schema\/person\/05b85b8ef7fde43b58d4fb6450411437"},"headline":"Formation en distanciel le 15-16-17 juin 2022 &#8211; Prise en charge et accompagnement des mineurs non accompagn\u00e9s","datePublished":"2022-04-27T08:40:13+00:00","dateModified":"2022-07-11T11:09:04+00:00","mainEntityOfPage":{"@id":"https:\/\/formation.france-terre-asile.org\/accueil-2\/formation-en-distanciel-le-15-16-17-juin-2022-prise-en-charge-et-accompagnement-des-mineurs-non-accompagnes\/"},"wordCount":210,"publisher":{"@id":"https:\/\/formation.france-terre-asile.org\/accueil-2\/#organization"},"image":{"@id":"https:\/\/formation.france-terre-asile.org\/accueil-2\/formation-en-distanciel-le-15-16-17-juin-2022-prise-en-charge-et-accompagnement-des-mineurs-non-accompagnes\/#primaryimage"},"thumbnailUrl":"https:\/\/formation.france-terre-asile.org\/wp-content\/uploads\/2022\/04\/annie-spratt-r0BkgGsvcK0-unsplash.jpg","articleSection":["Archiv\u00e9"],"inLanguage":"fr-FR"},{"@type":"WebPage","@id":"https:\/\/formation.france-terre-asile.org\/accueil-2\/formation-en-distanciel-le-15-16-17-juin-2022-prise-en-charge-et-accompagnement-des-mineurs-non-accompagnes\/","url":"https:\/\/formation.france-terre-asile.org\/accueil-2\/formation-en-distanciel-le-15-16-17-juin-2022-prise-en-charge-et-accompagnement-des-mineurs-non-accompagnes\/","name":"Formation en distanciel le 15-16-17 juin 2022 - Prise en charge et accompagnement des mineurs non accompagn\u00e9s - Centre de formation France terre d&#039;asile","isPartOf":{"@id":"https:\/\/formation.france-terre-asile.org\/accueil-2\/#website"},"primaryImageOfPage":{"@id":"https:\/\/formation.france-terre-asile.org\/accueil-2\/formation-en-distanciel-le-15-16-17-juin-2022-prise-en-charge-et-accompagnement-des-mineurs-non-accompagnes\/#primaryimage"},"image":{"@id":"https:\/\/formation.france-terre-asile.org\/accueil-2\/formation-en-distanciel-le-15-16-17-juin-2022-prise-en-charge-et-accompagnement-des-mineurs-non-accompagnes\/#primaryimage"},"thumbnailUrl":"https:\/\/formation.france-terre-asile.org\/wp-content\/uploads\/2022\/04\/annie-spratt-r0BkgGsvcK0-unsplash.jpg","datePublished":"2022-04-27T08:40:13+00:00","dateModified":"2022-07-11T11:09:04+00:00","breadcrumb":{"@id":"https:\/\/formation.france-terre-asile.org\/accueil-2\/formation-en-distanciel-le-15-16-17-juin-2022-prise-en-charge-et-accompagnement-des-mineurs-non-accompagnes\/#breadcrumb"},"inLanguage":"fr-FR","potentialAction":[{"@type":"ReadAction","target":["https:\/\/formation.france-terre-asile.org\/accueil-2\/formation-en-distanciel-le-15-16-17-juin-2022-prise-en-charge-et-accompagnement-des-mineurs-non-accompagnes\/"]}]},{"@type":"ImageObject","inLanguage":"fr-FR","@id":"https:\/\/formation.france-terre-asile.org\/accueil-2\/formation-en-distanciel-le-15-16-17-juin-2022-prise-en-charge-et-accompagnement-des-mineurs-non-accompagnes\/#primaryimage","url":"https:\/\/formation.france-terre-asile.org\/wp-content\/uploads\/2022\/04\/annie-spratt-r0BkgGsvcK0-unsplash.jpg","contentUrl":"https:\/\/formation.france-terre-asile.org\/wp-content\/uploads\/2022\/04\/annie-spratt-r0BkgGsvcK0-unsplash.jpg","width":1920,"height":1440,"caption":"Visuel-article-PECMIE"},{"@type":"BreadcrumbList","@id":"https:\/\/formation.france-terre-asile.org\/accueil-2\/formation-en-distanciel-le-15-16-17-juin-2022-prise-en-charge-et-accompagnement-des-mineurs-non-accompagnes\/#breadcrumb","itemListElement":[{"@type":"ListItem","position":1,"name":"Accueil","item":"https:\/\/formation.france-terre-asile.org\/accueil-2\/"},{"@type":"ListItem","position":2,"name":"Formation en distanciel le 15-16-17 juin 2022 &#8211; Prise en charge et accompagnement des mineurs non accompagn\u00e9s"}]},{"@type":"WebSite","@id":"https:\/\/formation.france-terre-asile.org\/accueil-2\/#website","url":"https:\/\/formation.france-terre-asile.org\/accueil-2\/","name":"Centre de formation France terre d&#039;asile","description":"","publisher":{"@id":"https:\/\/formation.france-terre-asile.org\/accueil-2\/#organization"},"potentialAction":[{"@type":"SearchAction","target":{"@type":"EntryPoint","urlTemplate":"https:\/\/formation.france-terre-asile.org\/accueil-2\/?s={search_term_string}"},"query-input":{"@type":"PropertyValueSpecification","valueRequired":true,"valueName":"search_term_string"}}],"inLanguage":"fr-FR"},{"@type":"Organization","@id":"https:\/\/formation.france-terre-asile.org\/accueil-2\/#organization","name":"Centre de formation France Terre d'Asile","url":"https:\/\/formation.france-terre-asile.org\/accueil-2\/","logo":{"@type":"ImageObject","inLanguage":"fr-FR","@id":"https:\/\/formation.france-terre-asile.org\/accueil-2\/#\/schema\/logo\/image\/","url":"https:\/\/formation.france-terre-asile.org\/wp-content\/uploads\/2021\/03\/logo-50ans.png","contentUrl":"https:\/\/formation.france-terre-asile.org\/wp-content\/uploads\/2021\/03\/logo-50ans.png","width":198,"height":114,"caption":"Centre de formation France Terre d'Asile"},"image":{"@id":"https:\/\/formation.france-terre-asile.org\/accueil-2\/#\/schema\/logo\/image\/"}},{"@type":"Person","@id":"https:\/\/formation.france-terre-asile.org\/accueil-2\/#\/schema\/person\/05b85b8ef7fde43b58d4fb6450411437","name":"Arnold Larochelle","image":{"@type":"ImageObject","inLanguage":"fr-FR","@id":"https:\/\/secure.gravatar.com\/avatar\/d30da25799c15329311f3f4cc6d493bc9e711efd13ca18ef4d8d2bc72a826118?s=96&d=mm&r=g","url":"https:\/\/secure.gravatar.com\/avatar\/d30da25799c15329311f3f4cc6d493bc9e711efd13ca18ef4d8d2bc72a826118?s=96&d=mm&r=g","contentUrl":"https:\/\/secure.gravatar.com\/avatar\/d30da25799c15329311f3f4cc6d493bc9e711efd13ca18ef4d8d2bc72a826118?s=96&d=mm&r=g","caption":"Arnold Larochelle"},"url":"https:\/\/formation.france-terre-asile.org\/accueil-2\/author\/formationcf\/"}]}},"uagb_featured_image_src":{"full":["https:\/\/formation.france-terre-asile.org\/wp-content\/uploads\/2022\/04\/annie-spratt-r0BkgGsvcK0-unsplash.jpg",1920,1440,false],"thumbnail":["https:\/\/formation.france-terre-asile.org\/wp-content\/uploads\/2022\/04\/annie-spratt-r0BkgGsvcK0-unsplash-150x150.jpg",150,150,true],"medium":["https:\/\/formation.france-terre-asile.org\/wp-content\/uploads\/2022\/04\/annie-spratt-r0BkgGsvcK0-unsplash-300x225.jpg",300,225,true],"medium_large":["https:\/\/formation.france-terre-asile.org\/wp-content\/uploads\/2022\/04\/annie-spratt-r0BkgGsvcK0-unsplash.jpg",768,576,false],"large":["https:\/\/formation.france-terre-asile.org\/wp-content\/uploads\/2022\/04\/annie-spratt-r0BkgGsvcK0-unsplash-1024x768.jpg",1024,768,true],"1536x1536":["https:\/\/formation.france-terre-asile.org\/wp-content\/uploads\/2022\/04\/annie-spratt-r0BkgGsvcK0-unsplash-1536x1152.jpg",1536,1152,true],"2048x2048":["https:\/\/formation.france-terre-asile.org\/wp-content\/uploads\/2022\/04\/annie-spratt-r0BkgGsvcK0-unsplash.jpg",1920,1440,false],"et-pb-post-main-image":["https:\/\/formation.france-terre-asile.org\/wp-content\/uploads\/2022\/04\/annie-spratt-r0BkgGsvcK0-unsplash.jpg",333,250,false],"et-pb-post-main-image-fullwidth":["https:\/\/formation.france-terre-asile.org\/wp-content\/uploads\/2022\/04\/annie-spratt-r0BkgGsvcK0-unsplash.jpg",900,675,false],"et-pb-portfolio-image":["https:\/\/formation.france-terre-asile.org\/wp-content\/uploads\/2022\/04\/annie-spratt-r0BkgGsvcK0-unsplash.jpg",379,284,false],"et-pb-portfolio-module-image":["https:\/\/formation.france-terre-asile.org\/wp-content\/uploads\/2022\/04\/annie-spratt-r0BkgGsvcK0-unsplash.jpg",510,382,false],"et-pb-portfolio-image-single":["https:\/\/formation.france-terre-asile.org\/wp-content\/uploads\/2022\/04\/annie-spratt-r0BkgGsvcK0-unsplash.jpg",1080,810,false],"et-pb-gallery-module-image-portrait":["https:\/\/formation.france-terre-asile.org\/wp-content\/uploads\/2022\/04\/annie-spratt-r0BkgGsvcK0-unsplash.jpg",400,300,false],"et-pb-post-main-image-fullwidth-large":["https:\/\/formation.france-terre-asile.org\/wp-content\/uploads\/2022\/04\/annie-spratt-r0BkgGsvcK0-unsplash.jpg",1920,1440,false],"et-pb-image--responsive--desktop":["https:\/\/formation.france-terre-asile.org\/wp-content\/uploads\/2022\/04\/annie-spratt-r0BkgGsvcK0-unsplash.jpg",960,720,false],"et-pb-image--responsive--tablet":["https:\/\/formation.france-terre-asile.org\/wp-content\/uploads\/2022\/04\/annie-spratt-r0BkgGsvcK0-unsplash.jpg",735,551,false],"et-pb-image--responsive--phone":["https:\/\/formation.france-terre-asile.org\/wp-content\/uploads\/2022\/04\/annie-spratt-r0BkgGsvcK0-unsplash.jpg",360,270,false]},"uagb_author_info":{"display_name":"Arnold Larochelle","author_link":"https:\/\/formation.france-terre-asile.org\/accueil-2\/author\/formationcf\/"},"uagb_comment_info":0,"uagb_excerpt":"Prise en charge et accompagnement des mineurs non accompagn\u00e9s en distanciel &#8211; Formez vous o\u00f9 que vous soyez et avec peps ! Le 15-16-17 juin prochain se tiendra en distanciel la formation \u201d Prise en charge et accompagnement des mineurs non accompagn\u00e9s\u201d. Gr\u00e2ce \u00e0 cette formation les professionnels du secteur social pourront approfondir leurs connaissances\u2026","_links":{"self":[{"href":"https:\/\/formation.france-terre-asile.org\/accueil-2\/wp-json\/wp\/v2\/posts\/2522","targetHints":{"allow":["GET"]}}],"collection":[{"href":"https:\/\/formation.france-terre-asile.org\/accueil-2\/wp-json\/wp\/v2\/posts"}],"about":[{"href":"https:\/\/formation.france-terre-asile.org\/accueil-2\/wp-json\/wp\/v2\/types\/post"}],"author":[{"embeddable":true,"href":"https:\/\/formation.france-terre-asile.org\/accueil-2\/wp-json\/wp\/v2\/users\/3"}],"replies":[{"embeddable":true,"href":"https:\/\/formation.france-terre-asile.org\/accueil-2\/wp-json\/wp\/v2\/comments?post=2522"}],"version-history":[{"count":1,"href":"https:\/\/formation.france-terre-asile.org\/accueil-2\/wp-json\/wp\/v2\/posts\/2522\/revisions"}],"predecessor-version":[{"id":2524,"href":"https:\/\/formation.france-terre-asile.org\/accueil-2\/wp-json\/wp\/v2\/posts\/2522\/revisions\/2524"}],"wp:featuredmedia":[{"embeddable":true,"href":"https:\/\/formation.france-terre-asile.org\/accueil-2\/wp-json\/wp\/v2\/media\/2523"}],"wp:attachment":[{"href":"https:\/\/formation.france-terre-asile.org\/accueil-2\/wp-json\/wp\/v2\/media?parent=2522"}],"wp:term":[{"taxonomy":"category","embeddable":true,"href":"https:\/\/formation.france-terre-asile.org\/accueil-2\/wp-json\/wp\/v2\/categories?post=2522"},{"taxonomy":"post_tag","embeddable":true,"href":"https:\/\/formation.france-terre-asile.org\/accueil-2\/wp-json\/wp\/v2\/tags?post=2522"}],"curies":[{"name":"wp","href":"https:\/\/api.w.org\/{rel}","templated":true}]}}