{"id":2548,"date":"2022-08-12T13:04:20","date_gmt":"2022-08-12T11:04:20","guid":{"rendered":"https:\/\/formation.france-terre-asile.org\/?p=2548"},"modified":"2022-09-09T09:03:49","modified_gmt":"2022-09-09T07:03:49","slug":"le-centre-formation-continue-son-expansion","status":"publish","type":"post","link":"https:\/\/formation.france-terre-asile.org\/accueil-2\/le-centre-formation-continue-son-expansion\/","title":{"rendered":"Le centre formation continue son expansion !"},"content":{"rendered":"\r\n<h2 class=\"wp-block-heading\">Le centre formation continue son expansion ! Des formations dispens\u00e9es de l&rsquo;Hexagone \u00e0 Cayenne en passant par Mayotte<\/h2>\r\n\r\n\r\n\r\n<div class=\"wp-block-columns is-layout-flex wp-container-core-columns-is-layout-9d6595d7 wp-block-columns-is-layout-flex\">\r\n<div class=\"wp-block-column is-layout-flow wp-block-column-is-layout-flow\">\r\n<p>Apr\u00e8s avoir form\u00e9 des intervenants sociaux partout en Hexagone mais aussi \u00e0 Mayotte, le centre de formation continue son expansion !<\/p>\r\n\r\n\r\n\r\n<p>Cette fois-ci direction la ville de Cayenne en Guyane pour former les intervenants sociaux du SPADA de la Croix-Rouge.<\/p>\r\n\r\n\r\n\r\n<p>La formation s&rsquo;est d\u00e9roul\u00e9e le 6 et 7 juillet dernier, et portait sur l&rsquo;aide \u00e0 la constitution de la demande d&rsquo;asile et du dossier \u00e0 l&rsquo;OFPRA (Office Fran\u00e7ais de protection des r\u00e9fugi\u00e9s et apatrides).<br \/>Accompagn\u00e9 de notre formatrice ftda, Sonja DRAGUTINOVIC, les agents ont pu appr\u00e9hender les \u00e9l\u00e9ments qui doivent figurer dans l&rsquo;\u00e9laboration du dossier OFPRA, et l&rsquo;importance de recentrer les propos de la personne afin de mettre en avant:<\/p>\r\n\r\n\r\n\r\n<p>-le pays de rattachement du DA (Demandeur d&rsquo;asile)\u00a0<\/p>\r\n\r\n\r\n\r\n<p>-le motif du d\u00e9part, ainsi que dans les lieux transits<\/p>\r\n\r\n\r\n\r\n<p>&#8211; actualit\u00e9 et r\u00e9alit\u00e9 avec l&rsquo;importance de l&rsquo;individualisation des craintes.<\/p>\r\n\r\n\r\n\r\n<p>&#8211; l&rsquo;absence de protection du pays d&rsquo;origine\/ risque en cas de retour.<\/p>\r\n\r\n\r\n\r\n<p>Encore merci et f\u00e9licitations \u00e0 notre formatrice Sonja DRAGUTINOVIC. Le centre de formation est fi\u00e8re de ses formateurs et formatrices engag\u00e9s.<\/p>\r\n<\/div>\r\n\r\n\r\n\r\n<div class=\"wp-block-column is-layout-flow wp-block-column-is-layout-flow\">\r\n<figure class=\"wp-block-gallery has-nested-images columns-default is-cropped wp-block-gallery-1 is-layout-flex wp-block-gallery-is-layout-flex\">\r\n<figure class=\"wp-block-image size-large\"><img loading=\"lazy\" decoding=\"async\" width=\"1024\" height=\"1024\" data-id=\"2550\" class=\"wp-image-2550\" src=\"https:\/\/formation.france-terre-asile.org\/wp-content\/uploads\/2022\/07\/Formation-intra-ftda-guyane-stagiaire-1-1024x1024.webp\" alt=\"Formation-intra-ftda-guyane-stagiaire-1\" srcset=\"https:\/\/formation.france-terre-asile.org\/wp-content\/uploads\/2022\/07\/Formation-intra-ftda-guyane-stagiaire-1-1024x1024.webp 1024w, https:\/\/formation.france-terre-asile.org\/wp-content\/uploads\/2022\/07\/Formation-intra-ftda-guyane-stagiaire-1-300x300.webp 300w, https:\/\/formation.france-terre-asile.org\/wp-content\/uploads\/2022\/07\/Formation-intra-ftda-guyane-stagiaire-1-150x150.webp 150w, https:\/\/formation.france-terre-asile.org\/wp-content\/uploads\/2022\/07\/Formation-intra-ftda-guyane-stagiaire-1-1536x1536.webp 1536w, https:\/\/formation.france-terre-asile.org\/wp-content\/uploads\/2022\/07\/Formation-intra-ftda-guyane-stagiaire-1-2048x2048.webp 2048w, https:\/\/formation.france-terre-asile.org\/wp-content\/uploads\/2022\/07\/Formation-intra-ftda-guyane-stagiaire-1-75x75.webp 75w\" sizes=\"(max-width: 1024px) 100vw, 1024px\" \/><\/figure>\r\n\r\n\r\n\r\n<figure class=\"wp-block-image size-large\"><img loading=\"lazy\" decoding=\"async\" width=\"1024\" height=\"1024\" data-id=\"2551\" class=\"wp-image-2551\" src=\"https:\/\/formation.france-terre-asile.org\/wp-content\/uploads\/2022\/07\/Formation-intra-ftda-guyane-locaux-spada-1-1024x1024.webp\" alt=\"Formation-intra-ftda-guyane-locaux-spada-1\" srcset=\"https:\/\/formation.france-terre-asile.org\/wp-content\/uploads\/2022\/07\/Formation-intra-ftda-guyane-locaux-spada-1-1024x1024.webp 1024w, https:\/\/formation.france-terre-asile.org\/wp-content\/uploads\/2022\/07\/Formation-intra-ftda-guyane-locaux-spada-1-300x300.webp 300w, https:\/\/formation.france-terre-asile.org\/wp-content\/uploads\/2022\/07\/Formation-intra-ftda-guyane-locaux-spada-1-150x150.webp 150w, https:\/\/formation.france-terre-asile.org\/wp-content\/uploads\/2022\/07\/Formation-intra-ftda-guyane-locaux-spada-1-1536x1536.webp 1536w, https:\/\/formation.france-terre-asile.org\/wp-content\/uploads\/2022\/07\/Formation-intra-ftda-guyane-locaux-spada-1-2048x2048.webp 2048w, https:\/\/formation.france-terre-asile.org\/wp-content\/uploads\/2022\/07\/Formation-intra-ftda-guyane-locaux-spada-1-75x75.webp 75w\" sizes=\"(max-width: 1024px) 100vw, 1024px\" \/><\/figure>\r\n\r\n\r\n\r\n<figure class=\"wp-block-image size-large\"><img loading=\"lazy\" decoding=\"async\" width=\"1024\" height=\"1024\" data-id=\"2555\" class=\"wp-image-2555\" src=\"https:\/\/formation.france-terre-asile.org\/wp-content\/uploads\/2022\/07\/Formation-intra-ftda-guyane-ville-de-cayenne-1-1024x1024.webp\" alt=\"Formation-intra-ftda-guyane-ville-de-cayenne-1-\" srcset=\"https:\/\/formation.france-terre-asile.org\/wp-content\/uploads\/2022\/07\/Formation-intra-ftda-guyane-ville-de-cayenne-1-1024x1024.webp 1024w, https:\/\/formation.france-terre-asile.org\/wp-content\/uploads\/2022\/07\/Formation-intra-ftda-guyane-ville-de-cayenne-1-300x300.webp 300w, https:\/\/formation.france-terre-asile.org\/wp-content\/uploads\/2022\/07\/Formation-intra-ftda-guyane-ville-de-cayenne-1-150x150.webp 150w, https:\/\/formation.france-terre-asile.org\/wp-content\/uploads\/2022\/07\/Formation-intra-ftda-guyane-ville-de-cayenne-1-1536x1536.webp 1536w, https:\/\/formation.france-terre-asile.org\/wp-content\/uploads\/2022\/07\/Formation-intra-ftda-guyane-ville-de-cayenne-1-2048x2048.webp 2048w, https:\/\/formation.france-terre-asile.org\/wp-content\/uploads\/2022\/07\/Formation-intra-ftda-guyane-ville-de-cayenne-1-75x75.webp 75w\" sizes=\"(max-width: 1024px) 100vw, 1024px\" \/><\/figure>\r\n\r\n\r\n\r\n<figure class=\"wp-block-image size-large\"><img loading=\"lazy\" decoding=\"async\" width=\"1024\" height=\"1024\" data-id=\"2553\" class=\"wp-image-2553\" src=\"https:\/\/formation.france-terre-asile.org\/wp-content\/uploads\/2022\/07\/Formation-intra-ftda-guyane-locaux-spada-2-1024x1024.webp\" alt=\"Formation-intra-ftda-guyane-locaux-spada-2-\" srcset=\"https:\/\/formation.france-terre-asile.org\/wp-content\/uploads\/2022\/07\/Formation-intra-ftda-guyane-locaux-spada-2-1024x1024.webp 1024w, https:\/\/formation.france-terre-asile.org\/wp-content\/uploads\/2022\/07\/Formation-intra-ftda-guyane-locaux-spada-2-300x300.webp 300w, https:\/\/formation.france-terre-asile.org\/wp-content\/uploads\/2022\/07\/Formation-intra-ftda-guyane-locaux-spada-2-150x150.webp 150w, https:\/\/formation.france-terre-asile.org\/wp-content\/uploads\/2022\/07\/Formation-intra-ftda-guyane-locaux-spada-2-1536x1536.webp 1536w, https:\/\/formation.france-terre-asile.org\/wp-content\/uploads\/2022\/07\/Formation-intra-ftda-guyane-locaux-spada-2-2048x2048.webp 2048w, https:\/\/formation.france-terre-asile.org\/wp-content\/uploads\/2022\/07\/Formation-intra-ftda-guyane-locaux-spada-2-75x75.webp 75w\" sizes=\"(max-width: 1024px) 100vw, 1024px\" \/><\/figure>\r\n\r\n\r\n\r\n<figure class=\"wp-block-image size-large\"><img loading=\"lazy\" decoding=\"async\" width=\"1024\" height=\"1024\" data-id=\"2552\" class=\"wp-image-2552\" src=\"https:\/\/formation.france-terre-asile.org\/wp-content\/uploads\/2022\/07\/Formation-intra-ftda-guyane-stagiaire-2-1024x1024.webp\" alt=\"Formation-intra-ftda-guyane-stagiaire-2\" srcset=\"https:\/\/formation.france-terre-asile.org\/wp-content\/uploads\/2022\/07\/Formation-intra-ftda-guyane-stagiaire-2-1024x1024.webp 1024w, https:\/\/formation.france-terre-asile.org\/wp-content\/uploads\/2022\/07\/Formation-intra-ftda-guyane-stagiaire-2-300x300.webp 300w, https:\/\/formation.france-terre-asile.org\/wp-content\/uploads\/2022\/07\/Formation-intra-ftda-guyane-stagiaire-2-150x150.webp 150w, https:\/\/formation.france-terre-asile.org\/wp-content\/uploads\/2022\/07\/Formation-intra-ftda-guyane-stagiaire-2-1536x1536.webp 1536w, https:\/\/formation.france-terre-asile.org\/wp-content\/uploads\/2022\/07\/Formation-intra-ftda-guyane-stagiaire-2-2048x2048.webp 2048w, https:\/\/formation.france-terre-asile.org\/wp-content\/uploads\/2022\/07\/Formation-intra-ftda-guyane-stagiaire-2-75x75.webp 75w\" sizes=\"(max-width: 1024px) 100vw, 1024px\" \/><\/figure>\r\n\r\n\r\n\r\n<figure class=\"wp-block-image size-large\"><img loading=\"lazy\" decoding=\"async\" width=\"1024\" height=\"1024\" data-id=\"2554\" class=\"wp-image-2554\" src=\"https:\/\/formation.france-terre-asile.org\/wp-content\/uploads\/2022\/07\/Formation-intra-ftda-guyane-ville-de-cayenne-2-1024x1024.webp\" alt=\"Formation-intra-ftda-guyane-ville-de-cayenne-2-\" srcset=\"https:\/\/formation.france-terre-asile.org\/wp-content\/uploads\/2022\/07\/Formation-intra-ftda-guyane-ville-de-cayenne-2-1024x1024.webp 1024w, https:\/\/formation.france-terre-asile.org\/wp-content\/uploads\/2022\/07\/Formation-intra-ftda-guyane-ville-de-cayenne-2-300x300.webp 300w, https:\/\/formation.france-terre-asile.org\/wp-content\/uploads\/2022\/07\/Formation-intra-ftda-guyane-ville-de-cayenne-2-150x150.webp 150w, https:\/\/formation.france-terre-asile.org\/wp-content\/uploads\/2022\/07\/Formation-intra-ftda-guyane-ville-de-cayenne-2-1536x1536.webp 1536w, https:\/\/formation.france-terre-asile.org\/wp-content\/uploads\/2022\/07\/Formation-intra-ftda-guyane-ville-de-cayenne-2-2048x2048.webp 2048w, https:\/\/formation.france-terre-asile.org\/wp-content\/uploads\/2022\/07\/Formation-intra-ftda-guyane-ville-de-cayenne-2-75x75.webp 75w\" sizes=\"(max-width: 1024px) 100vw, 1024px\" \/><\/figure>\r\n<\/figure>\r\n<\/div>\r\n<\/div>\r\n","protected":false},"excerpt":{"rendered":"<p>Le centre formation continue son expansion ! Des formations dispens\u00e9es de l&rsquo;Hexagone \u00e0 Cayenne en passant par Mayotte Apr\u00e8s avoir form\u00e9 des intervenants sociaux partout en Hexagone mais aussi \u00e0 Mayotte, le centre de formation continue son expansion ! Cette fois-ci direction la ville de Cayenne en Guyane pour former les intervenants sociaux du SPADA [&hellip;]<\/p>\n","protected":false},"author":3,"featured_media":2550,"comment_status":"closed","ping_status":"closed","sticky":false,"template":"","format":"standard","meta":{"_et_pb_use_builder":"","_et_pb_old_content":"","_et_gb_content_width":"","_uag_custom_page_level_css":"","_monsterinsights_skip_tracking":false,"_monsterinsights_sitenote_active":false,"_monsterinsights_sitenote_note":"","_monsterinsights_sitenote_category":0,"footnotes":""},"categories":[16],"tags":[],"class_list":["post-2548","post","type-post","status-publish","format-standard","has-post-thumbnail","hentry","category-archive"],"yoast_head":"<!-- This site is optimized with the Yoast SEO plugin v27.4 - https:\/\/yoast.com\/product\/yoast-seo-wordpress\/ -->\n<title>Le centre formation continue son expansion !<\/title>\n<meta name=\"robots\" content=\"index, follow, max-snippet:-1, max-image-preview:large, max-video-preview:-1\" \/>\n<link rel=\"canonical\" href=\"https:\/\/formation.france-terre-asile.org\/accueil-2\/le-centre-formation-continue-son-expansion\/\" \/>\n<meta property=\"og:locale\" content=\"fr_FR\" \/>\n<meta property=\"og:type\" content=\"article\" \/>\n<meta property=\"og:title\" content=\"Le centre formation continue son expansion !\" \/>\n<meta property=\"og:description\" content=\"Le centre formation continue son expansion ! Des formations dispens\u00e9es de l&rsquo;Hexagone \u00e0 Cayenne en passant par Mayotte Apr\u00e8s avoir form\u00e9 des intervenants sociaux partout en Hexagone mais aussi \u00e0 Mayotte, le centre de formation continue son expansion ! Cette fois-ci direction la ville de Cayenne en Guyane pour former les intervenants sociaux du SPADA [&hellip;]\" \/>\n<meta property=\"og:url\" content=\"https:\/\/formation.france-terre-asile.org\/accueil-2\/le-centre-formation-continue-son-expansion\/\" \/>\n<meta property=\"og:site_name\" content=\"Centre de formation France terre d&#039;asile\" \/>\n<meta property=\"article:published_time\" content=\"2022-08-12T11:04:20+00:00\" \/>\n<meta property=\"article:modified_time\" content=\"2022-09-09T07:03:49+00:00\" \/>\n<meta property=\"og:image\" content=\"https:\/\/formation.france-terre-asile.org\/wp-content\/uploads\/2022\/07\/Formation-intra-ftda-guyane-stagiaire-1-scaled.webp\" \/>\n\t<meta property=\"og:image:width\" content=\"2560\" \/>\n\t<meta property=\"og:image:height\" content=\"2560\" \/>\n\t<meta property=\"og:image:type\" content=\"image\/webp\" \/>\n<meta name=\"author\" content=\"Arnold Larochelle\" \/>\n<meta name=\"twitter:card\" content=\"summary_large_image\" \/>\n<meta name=\"twitter:label1\" content=\"\u00c9crit par\" \/>\n\t<meta name=\"twitter:data1\" content=\"Arnold Larochelle\" \/>\n\t<meta name=\"twitter:label2\" content=\"Dur\u00e9e de lecture estim\u00e9e\" \/>\n\t<meta name=\"twitter:data2\" content=\"3 minutes\" \/>\n<script type=\"application\/ld+json\" class=\"yoast-schema-graph\">{\"@context\":\"https:\\\/\\\/schema.org\",\"@graph\":[{\"@type\":\"Article\",\"@id\":\"https:\\\/\\\/formation.france-terre-asile.org\\\/accueil-2\\\/le-centre-formation-continue-son-expansion\\\/#article\",\"isPartOf\":{\"@id\":\"https:\\\/\\\/formation.france-terre-asile.org\\\/accueil-2\\\/le-centre-formation-continue-son-expansion\\\/\"},\"author\":{\"name\":\"Arnold Larochelle\",\"@id\":\"https:\\\/\\\/formation.france-terre-asile.org\\\/accueil-2\\\/#\\\/schema\\\/person\\\/05b85b8ef7fde43b58d4fb6450411437\"},\"headline\":\"Le centre formation continue son expansion !\",\"datePublished\":\"2022-08-12T11:04:20+00:00\",\"dateModified\":\"2022-09-09T07:03:49+00:00\",\"mainEntityOfPage\":{\"@id\":\"https:\\\/\\\/formation.france-terre-asile.org\\\/accueil-2\\\/le-centre-formation-continue-son-expansion\\\/\"},\"wordCount\":201,\"publisher\":{\"@id\":\"https:\\\/\\\/formation.france-terre-asile.org\\\/accueil-2\\\/#organization\"},\"image\":{\"@id\":\"https:\\\/\\\/formation.france-terre-asile.org\\\/accueil-2\\\/le-centre-formation-continue-son-expansion\\\/#primaryimage\"},\"thumbnailUrl\":\"https:\\\/\\\/formation.france-terre-asile.org\\\/wp-content\\\/uploads\\\/2022\\\/07\\\/Formation-intra-ftda-guyane-stagiaire-1-scaled.webp\",\"articleSection\":[\"Archiv\u00e9\"],\"inLanguage\":\"fr-FR\"},{\"@type\":\"WebPage\",\"@id\":\"https:\\\/\\\/formation.france-terre-asile.org\\\/accueil-2\\\/le-centre-formation-continue-son-expansion\\\/\",\"url\":\"https:\\\/\\\/formation.france-terre-asile.org\\\/accueil-2\\\/le-centre-formation-continue-son-expansion\\\/\",\"name\":\"Le centre formation continue son expansion !\",\"isPartOf\":{\"@id\":\"https:\\\/\\\/formation.france-terre-asile.org\\\/accueil-2\\\/#website\"},\"primaryImageOfPage\":{\"@id\":\"https:\\\/\\\/formation.france-terre-asile.org\\\/accueil-2\\\/le-centre-formation-continue-son-expansion\\\/#primaryimage\"},\"image\":{\"@id\":\"https:\\\/\\\/formation.france-terre-asile.org\\\/accueil-2\\\/le-centre-formation-continue-son-expansion\\\/#primaryimage\"},\"thumbnailUrl\":\"https:\\\/\\\/formation.france-terre-asile.org\\\/wp-content\\\/uploads\\\/2022\\\/07\\\/Formation-intra-ftda-guyane-stagiaire-1-scaled.webp\",\"datePublished\":\"2022-08-12T11:04:20+00:00\",\"dateModified\":\"2022-09-09T07:03:49+00:00\",\"breadcrumb\":{\"@id\":\"https:\\\/\\\/formation.france-terre-asile.org\\\/accueil-2\\\/le-centre-formation-continue-son-expansion\\\/#breadcrumb\"},\"inLanguage\":\"fr-FR\",\"potentialAction\":[{\"@type\":\"ReadAction\",\"target\":[\"https:\\\/\\\/formation.france-terre-asile.org\\\/accueil-2\\\/le-centre-formation-continue-son-expansion\\\/\"]}]},{\"@type\":\"ImageObject\",\"inLanguage\":\"fr-FR\",\"@id\":\"https:\\\/\\\/formation.france-terre-asile.org\\\/accueil-2\\\/le-centre-formation-continue-son-expansion\\\/#primaryimage\",\"url\":\"https:\\\/\\\/formation.france-terre-asile.org\\\/wp-content\\\/uploads\\\/2022\\\/07\\\/Formation-intra-ftda-guyane-stagiaire-1-scaled.webp\",\"contentUrl\":\"https:\\\/\\\/formation.france-terre-asile.org\\\/wp-content\\\/uploads\\\/2022\\\/07\\\/Formation-intra-ftda-guyane-stagiaire-1-scaled.webp\",\"width\":2560,\"height\":2560,\"caption\":\"Formation-intra-ftda-guyane-stagiaire-1\"},{\"@type\":\"BreadcrumbList\",\"@id\":\"https:\\\/\\\/formation.france-terre-asile.org\\\/accueil-2\\\/le-centre-formation-continue-son-expansion\\\/#breadcrumb\",\"itemListElement\":[{\"@type\":\"ListItem\",\"position\":1,\"name\":\"Accueil\",\"item\":\"https:\\\/\\\/formation.france-terre-asile.org\\\/accueil-2\\\/\"},{\"@type\":\"ListItem\",\"position\":2,\"name\":\"Le centre formation continue son expansion !\"}]},{\"@type\":\"WebSite\",\"@id\":\"https:\\\/\\\/formation.france-terre-asile.org\\\/accueil-2\\\/#website\",\"url\":\"https:\\\/\\\/formation.france-terre-asile.org\\\/accueil-2\\\/\",\"name\":\"Centre de formation France terre d&#039;asile\",\"description\":\"\",\"publisher\":{\"@id\":\"https:\\\/\\\/formation.france-terre-asile.org\\\/accueil-2\\\/#organization\"},\"potentialAction\":[{\"@type\":\"SearchAction\",\"target\":{\"@type\":\"EntryPoint\",\"urlTemplate\":\"https:\\\/\\\/formation.france-terre-asile.org\\\/accueil-2\\\/?s={search_term_string}\"},\"query-input\":{\"@type\":\"PropertyValueSpecification\",\"valueRequired\":true,\"valueName\":\"search_term_string\"}}],\"inLanguage\":\"fr-FR\"},{\"@type\":\"Organization\",\"@id\":\"https:\\\/\\\/formation.france-terre-asile.org\\\/accueil-2\\\/#organization\",\"name\":\"Centre de formation France Terre d'Asile\",\"url\":\"https:\\\/\\\/formation.france-terre-asile.org\\\/accueil-2\\\/\",\"logo\":{\"@type\":\"ImageObject\",\"inLanguage\":\"fr-FR\",\"@id\":\"https:\\\/\\\/formation.france-terre-asile.org\\\/accueil-2\\\/#\\\/schema\\\/logo\\\/image\\\/\",\"url\":\"https:\\\/\\\/formation.france-terre-asile.org\\\/wp-content\\\/uploads\\\/2021\\\/03\\\/logo-50ans.png\",\"contentUrl\":\"https:\\\/\\\/formation.france-terre-asile.org\\\/wp-content\\\/uploads\\\/2021\\\/03\\\/logo-50ans.png\",\"width\":198,\"height\":114,\"caption\":\"Centre de formation France Terre d'Asile\"},\"image\":{\"@id\":\"https:\\\/\\\/formation.france-terre-asile.org\\\/accueil-2\\\/#\\\/schema\\\/logo\\\/image\\\/\"}},{\"@type\":\"Person\",\"@id\":\"https:\\\/\\\/formation.france-terre-asile.org\\\/accueil-2\\\/#\\\/schema\\\/person\\\/05b85b8ef7fde43b58d4fb6450411437\",\"name\":\"Arnold Larochelle\",\"image\":{\"@type\":\"ImageObject\",\"inLanguage\":\"fr-FR\",\"@id\":\"https:\\\/\\\/secure.gravatar.com\\\/avatar\\\/d30da25799c15329311f3f4cc6d493bc9e711efd13ca18ef4d8d2bc72a826118?s=96&d=mm&r=g\",\"url\":\"https:\\\/\\\/secure.gravatar.com\\\/avatar\\\/d30da25799c15329311f3f4cc6d493bc9e711efd13ca18ef4d8d2bc72a826118?s=96&d=mm&r=g\",\"contentUrl\":\"https:\\\/\\\/secure.gravatar.com\\\/avatar\\\/d30da25799c15329311f3f4cc6d493bc9e711efd13ca18ef4d8d2bc72a826118?s=96&d=mm&r=g\",\"caption\":\"Arnold Larochelle\"},\"url\":\"https:\\\/\\\/formation.france-terre-asile.org\\\/accueil-2\\\/author\\\/formationcf\\\/\"}]}<\/script>\n<!-- \/ Yoast SEO plugin. -->","yoast_head_json":{"title":"Le centre formation continue son expansion !","robots":{"index":"index","follow":"follow","max-snippet":"max-snippet:-1","max-image-preview":"max-image-preview:large","max-video-preview":"max-video-preview:-1"},"canonical":"https:\/\/formation.france-terre-asile.org\/accueil-2\/le-centre-formation-continue-son-expansion\/","og_locale":"fr_FR","og_type":"article","og_title":"Le centre formation continue son expansion !","og_description":"Le centre formation continue son expansion ! Des formations dispens\u00e9es de l&rsquo;Hexagone \u00e0 Cayenne en passant par Mayotte Apr\u00e8s avoir form\u00e9 des intervenants sociaux partout en Hexagone mais aussi \u00e0 Mayotte, le centre de formation continue son expansion ! Cette fois-ci direction la ville de Cayenne en Guyane pour former les intervenants sociaux du SPADA [&hellip;]","og_url":"https:\/\/formation.france-terre-asile.org\/accueil-2\/le-centre-formation-continue-son-expansion\/","og_site_name":"Centre de formation France terre d&#039;asile","article_published_time":"2022-08-12T11:04:20+00:00","article_modified_time":"2022-09-09T07:03:49+00:00","og_image":[{"width":2560,"height":2560,"url":"https:\/\/formation.france-terre-asile.org\/wp-content\/uploads\/2022\/07\/Formation-intra-ftda-guyane-stagiaire-1-scaled.webp","type":"image\/webp"}],"author":"Arnold Larochelle","twitter_card":"summary_large_image","twitter_misc":{"\u00c9crit par":"Arnold Larochelle","Dur\u00e9e de lecture estim\u00e9e":"3 minutes"},"schema":{"@context":"https:\/\/schema.org","@graph":[{"@type":"Article","@id":"https:\/\/formation.france-terre-asile.org\/accueil-2\/le-centre-formation-continue-son-expansion\/#article","isPartOf":{"@id":"https:\/\/formation.france-terre-asile.org\/accueil-2\/le-centre-formation-continue-son-expansion\/"},"author":{"name":"Arnold Larochelle","@id":"https:\/\/formation.france-terre-asile.org\/accueil-2\/#\/schema\/person\/05b85b8ef7fde43b58d4fb6450411437"},"headline":"Le centre formation continue son expansion !","datePublished":"2022-08-12T11:04:20+00:00","dateModified":"2022-09-09T07:03:49+00:00","mainEntityOfPage":{"@id":"https:\/\/formation.france-terre-asile.org\/accueil-2\/le-centre-formation-continue-son-expansion\/"},"wordCount":201,"publisher":{"@id":"https:\/\/formation.france-terre-asile.org\/accueil-2\/#organization"},"image":{"@id":"https:\/\/formation.france-terre-asile.org\/accueil-2\/le-centre-formation-continue-son-expansion\/#primaryimage"},"thumbnailUrl":"https:\/\/formation.france-terre-asile.org\/wp-content\/uploads\/2022\/07\/Formation-intra-ftda-guyane-stagiaire-1-scaled.webp","articleSection":["Archiv\u00e9"],"inLanguage":"fr-FR"},{"@type":"WebPage","@id":"https:\/\/formation.france-terre-asile.org\/accueil-2\/le-centre-formation-continue-son-expansion\/","url":"https:\/\/formation.france-terre-asile.org\/accueil-2\/le-centre-formation-continue-son-expansion\/","name":"Le centre formation continue son expansion !","isPartOf":{"@id":"https:\/\/formation.france-terre-asile.org\/accueil-2\/#website"},"primaryImageOfPage":{"@id":"https:\/\/formation.france-terre-asile.org\/accueil-2\/le-centre-formation-continue-son-expansion\/#primaryimage"},"image":{"@id":"https:\/\/formation.france-terre-asile.org\/accueil-2\/le-centre-formation-continue-son-expansion\/#primaryimage"},"thumbnailUrl":"https:\/\/formation.france-terre-asile.org\/wp-content\/uploads\/2022\/07\/Formation-intra-ftda-guyane-stagiaire-1-scaled.webp","datePublished":"2022-08-12T11:04:20+00:00","dateModified":"2022-09-09T07:03:49+00:00","breadcrumb":{"@id":"https:\/\/formation.france-terre-asile.org\/accueil-2\/le-centre-formation-continue-son-expansion\/#breadcrumb"},"inLanguage":"fr-FR","potentialAction":[{"@type":"ReadAction","target":["https:\/\/formation.france-terre-asile.org\/accueil-2\/le-centre-formation-continue-son-expansion\/"]}]},{"@type":"ImageObject","inLanguage":"fr-FR","@id":"https:\/\/formation.france-terre-asile.org\/accueil-2\/le-centre-formation-continue-son-expansion\/#primaryimage","url":"https:\/\/formation.france-terre-asile.org\/wp-content\/uploads\/2022\/07\/Formation-intra-ftda-guyane-stagiaire-1-scaled.webp","contentUrl":"https:\/\/formation.france-terre-asile.org\/wp-content\/uploads\/2022\/07\/Formation-intra-ftda-guyane-stagiaire-1-scaled.webp","width":2560,"height":2560,"caption":"Formation-intra-ftda-guyane-stagiaire-1"},{"@type":"BreadcrumbList","@id":"https:\/\/formation.france-terre-asile.org\/accueil-2\/le-centre-formation-continue-son-expansion\/#breadcrumb","itemListElement":[{"@type":"ListItem","position":1,"name":"Accueil","item":"https:\/\/formation.france-terre-asile.org\/accueil-2\/"},{"@type":"ListItem","position":2,"name":"Le centre formation continue son expansion !"}]},{"@type":"WebSite","@id":"https:\/\/formation.france-terre-asile.org\/accueil-2\/#website","url":"https:\/\/formation.france-terre-asile.org\/accueil-2\/","name":"Centre de formation France terre d&#039;asile","description":"","publisher":{"@id":"https:\/\/formation.france-terre-asile.org\/accueil-2\/#organization"},"potentialAction":[{"@type":"SearchAction","target":{"@type":"EntryPoint","urlTemplate":"https:\/\/formation.france-terre-asile.org\/accueil-2\/?s={search_term_string}"},"query-input":{"@type":"PropertyValueSpecification","valueRequired":true,"valueName":"search_term_string"}}],"inLanguage":"fr-FR"},{"@type":"Organization","@id":"https:\/\/formation.france-terre-asile.org\/accueil-2\/#organization","name":"Centre de formation France Terre d'Asile","url":"https:\/\/formation.france-terre-asile.org\/accueil-2\/","logo":{"@type":"ImageObject","inLanguage":"fr-FR","@id":"https:\/\/formation.france-terre-asile.org\/accueil-2\/#\/schema\/logo\/image\/","url":"https:\/\/formation.france-terre-asile.org\/wp-content\/uploads\/2021\/03\/logo-50ans.png","contentUrl":"https:\/\/formation.france-terre-asile.org\/wp-content\/uploads\/2021\/03\/logo-50ans.png","width":198,"height":114,"caption":"Centre de formation France Terre d'Asile"},"image":{"@id":"https:\/\/formation.france-terre-asile.org\/accueil-2\/#\/schema\/logo\/image\/"}},{"@type":"Person","@id":"https:\/\/formation.france-terre-asile.org\/accueil-2\/#\/schema\/person\/05b85b8ef7fde43b58d4fb6450411437","name":"Arnold Larochelle","image":{"@type":"ImageObject","inLanguage":"fr-FR","@id":"https:\/\/secure.gravatar.com\/avatar\/d30da25799c15329311f3f4cc6d493bc9e711efd13ca18ef4d8d2bc72a826118?s=96&d=mm&r=g","url":"https:\/\/secure.gravatar.com\/avatar\/d30da25799c15329311f3f4cc6d493bc9e711efd13ca18ef4d8d2bc72a826118?s=96&d=mm&r=g","contentUrl":"https:\/\/secure.gravatar.com\/avatar\/d30da25799c15329311f3f4cc6d493bc9e711efd13ca18ef4d8d2bc72a826118?s=96&d=mm&r=g","caption":"Arnold Larochelle"},"url":"https:\/\/formation.france-terre-asile.org\/accueil-2\/author\/formationcf\/"}]}},"uagb_featured_image_src":{"full":["https:\/\/formation.france-terre-asile.org\/wp-content\/uploads\/2022\/07\/Formation-intra-ftda-guyane-stagiaire-1-scaled.webp",2560,2560,false],"thumbnail":["https:\/\/formation.france-terre-asile.org\/wp-content\/uploads\/2022\/07\/Formation-intra-ftda-guyane-stagiaire-1-150x150.webp",150,150,true],"medium":["https:\/\/formation.france-terre-asile.org\/wp-content\/uploads\/2022\/07\/Formation-intra-ftda-guyane-stagiaire-1-300x300.webp",300,300,true],"medium_large":["https:\/\/formation.france-terre-asile.org\/wp-content\/uploads\/2022\/07\/Formation-intra-ftda-guyane-stagiaire-1-scaled.webp",768,768,false],"large":["https:\/\/formation.france-terre-asile.org\/wp-content\/uploads\/2022\/07\/Formation-intra-ftda-guyane-stagiaire-1-1024x1024.webp",1024,1024,true],"1536x1536":["https:\/\/formation.france-terre-asile.org\/wp-content\/uploads\/2022\/07\/Formation-intra-ftda-guyane-stagiaire-1-1536x1536.webp",1536,1536,true],"2048x2048":["https:\/\/formation.france-terre-asile.org\/wp-content\/uploads\/2022\/07\/Formation-intra-ftda-guyane-stagiaire-1-2048x2048.webp",2048,2048,true],"et-pb-post-main-image":["https:\/\/formation.france-terre-asile.org\/wp-content\/uploads\/2022\/07\/Formation-intra-ftda-guyane-stagiaire-1-scaled.webp",250,250,false],"et-pb-post-main-image-fullwidth":["https:\/\/formation.france-terre-asile.org\/wp-content\/uploads\/2022\/07\/Formation-intra-ftda-guyane-stagiaire-1-scaled.webp",675,675,false],"et-pb-portfolio-image":["https:\/\/formation.france-terre-asile.org\/wp-content\/uploads\/2022\/07\/Formation-intra-ftda-guyane-stagiaire-1-scaled.webp",284,284,false],"et-pb-portfolio-module-image":["https:\/\/formation.france-terre-asile.org\/wp-content\/uploads\/2022\/07\/Formation-intra-ftda-guyane-stagiaire-1-scaled.webp",382,382,false],"et-pb-portfolio-image-single":["https:\/\/formation.france-terre-asile.org\/wp-content\/uploads\/2022\/07\/Formation-intra-ftda-guyane-stagiaire-1-scaled.webp",1080,1080,false],"et-pb-gallery-module-image-portrait":["https:\/\/formation.france-terre-asile.org\/wp-content\/uploads\/2022\/07\/Formation-intra-ftda-guyane-stagiaire-1-scaled.webp",400,400,false],"et-pb-post-main-image-fullwidth-large":["https:\/\/formation.france-terre-asile.org\/wp-content\/uploads\/2022\/07\/Formation-intra-ftda-guyane-stagiaire-1-scaled.webp",1800,1800,false],"et-pb-image--responsive--desktop":["https:\/\/formation.france-terre-asile.org\/wp-content\/uploads\/2022\/07\/Formation-intra-ftda-guyane-stagiaire-1-scaled.webp",720,720,false],"et-pb-image--responsive--tablet":["https:\/\/formation.france-terre-asile.org\/wp-content\/uploads\/2022\/07\/Formation-intra-ftda-guyane-stagiaire-1-scaled.webp",551,551,false],"et-pb-image--responsive--phone":["https:\/\/formation.france-terre-asile.org\/wp-content\/uploads\/2022\/07\/Formation-intra-ftda-guyane-stagiaire-1-scaled.webp",270,270,false]},"uagb_author_info":{"display_name":"Arnold Larochelle","author_link":"https:\/\/formation.france-terre-asile.org\/accueil-2\/author\/formationcf\/"},"uagb_comment_info":0,"uagb_excerpt":"Le centre formation continue son expansion ! Des formations dispens\u00e9es de l&rsquo;Hexagone \u00e0 Cayenne en passant par Mayotte Apr\u00e8s avoir form\u00e9 des intervenants sociaux partout en Hexagone mais aussi \u00e0 Mayotte, le centre de formation continue son expansion ! Cette fois-ci direction la ville de Cayenne en Guyane pour former les intervenants sociaux du SPADA\u2026","_links":{"self":[{"href":"https:\/\/formation.france-terre-asile.org\/accueil-2\/wp-json\/wp\/v2\/posts\/2548","targetHints":{"allow":["GET"]}}],"collection":[{"href":"https:\/\/formation.france-terre-asile.org\/accueil-2\/wp-json\/wp\/v2\/posts"}],"about":[{"href":"https:\/\/formation.france-terre-asile.org\/accueil-2\/wp-json\/wp\/v2\/types\/post"}],"author":[{"embeddable":true,"href":"https:\/\/formation.france-terre-asile.org\/accueil-2\/wp-json\/wp\/v2\/users\/3"}],"replies":[{"embeddable":true,"href":"https:\/\/formation.france-terre-asile.org\/accueil-2\/wp-json\/wp\/v2\/comments?post=2548"}],"version-history":[{"count":5,"href":"https:\/\/formation.france-terre-asile.org\/accueil-2\/wp-json\/wp\/v2\/posts\/2548\/revisions"}],"predecessor-version":[{"id":2596,"href":"https:\/\/formation.france-terre-asile.org\/accueil-2\/wp-json\/wp\/v2\/posts\/2548\/revisions\/2596"}],"wp:featuredmedia":[{"embeddable":true,"href":"https:\/\/formation.france-terre-asile.org\/accueil-2\/wp-json\/wp\/v2\/media\/2550"}],"wp:attachment":[{"href":"https:\/\/formation.france-terre-asile.org\/accueil-2\/wp-json\/wp\/v2\/media?parent=2548"}],"wp:term":[{"taxonomy":"category","embeddable":true,"href":"https:\/\/formation.france-terre-asile.org\/accueil-2\/wp-json\/wp\/v2\/categories?post=2548"},{"taxonomy":"post_tag","embeddable":true,"href":"https:\/\/formation.france-terre-asile.org\/accueil-2\/wp-json\/wp\/v2\/tags?post=2548"}],"curies":[{"name":"wp","href":"https:\/\/api.w.org\/{rel}","templated":true}]}}