{"id":897,"date":"2021-03-04T17:02:46","date_gmt":"2021-03-04T16:02:46","guid":{"rendered":"https:\/\/formation.france-terre-asile.org\/?p=897"},"modified":"2021-05-06T16:58:29","modified_gmt":"2021-05-06T14:58:29","slug":"point-sur-les-formations-2021","status":"publish","type":"post","link":"https:\/\/formation.france-terre-asile.org\/accueil-2\/point-sur-les-formations-2021\/","title":{"rendered":"Point sur les formations 2021"},"content":{"rendered":"<h6 style=\"text-align: center;\">\u00a0En attendant le retour \u00e0 la vie normale, le centre maintient ses formations \u00e0 distance.<\/h6>\n<h6 style=\"text-align: center;\">\u00c0 tr\u00e8s vite !<\/h6>\n<p><img loading=\"lazy\" decoding=\"async\" class=\"size-medium wp-image-898 aligncenter\" src=\"https:\/\/formation.france-terre-asile.org\/wp-content\/uploads\/2021\/03\/photo-catalogue-300x300.jpg\" alt=\"photo catalogue\" width=\"300\" height=\"300\" srcset=\"https:\/\/formation.france-terre-asile.org\/wp-content\/uploads\/2021\/03\/photo-catalogue-300x300.jpg 300w, https:\/\/formation.france-terre-asile.org\/wp-content\/uploads\/2021\/03\/photo-catalogue-1024x1024.jpg 1024w, https:\/\/formation.france-terre-asile.org\/wp-content\/uploads\/2021\/03\/photo-catalogue-150x150.jpg 150w, https:\/\/formation.france-terre-asile.org\/wp-content\/uploads\/2021\/03\/photo-catalogue-1536x1536.jpg 1536w, https:\/\/formation.france-terre-asile.org\/wp-content\/uploads\/2021\/03\/photo-catalogue.jpg 1793w\" sizes=\"(max-width: 300px) 100vw, 300px\" \/><\/p>\n","protected":false},"excerpt":{"rendered":"<p>\u00a0En attendant le retour \u00e0 la vie normale, le centre maintient ses formations \u00e0 distance. \u00c0 tr\u00e8s vite !<\/p>\n","protected":false},"author":3,"featured_media":0,"comment_status":"closed","ping_status":"closed","sticky":false,"template":"","format":"standard","meta":{"_et_pb_use_builder":"","_et_pb_old_content":"","_et_gb_content_width":"","_uag_custom_page_level_css":"","_monsterinsights_skip_tracking":false,"_monsterinsights_sitenote_active":false,"_monsterinsights_sitenote_note":"","_monsterinsights_sitenote_category":0,"footnotes":""},"categories":[16],"tags":[],"class_list":["post-897","post","type-post","status-publish","format-standard","hentry","category-archive"],"yoast_head":"<!-- This site is optimized with the Yoast SEO plugin v27.4 - https:\/\/yoast.com\/product\/yoast-seo-wordpress\/ -->\n<title>Point sur les formations 2021 - Centre de formation France terre d&#039;asile<\/title>\n<meta name=\"robots\" content=\"index, follow, max-snippet:-1, max-image-preview:large, max-video-preview:-1\" \/>\n<link rel=\"canonical\" href=\"https:\/\/formation.france-terre-asile.org\/accueil-2\/point-sur-les-formations-2021\/\" \/>\n<meta property=\"og:locale\" content=\"fr_FR\" \/>\n<meta property=\"og:type\" content=\"article\" \/>\n<meta property=\"og:title\" content=\"Point sur les formations 2021 - Centre de formation France terre d&#039;asile\" \/>\n<meta property=\"og:description\" content=\"\u00a0En attendant le retour \u00e0 la vie normale, le centre maintient ses formations \u00e0 distance. \u00c0 tr\u00e8s vite !\" \/>\n<meta property=\"og:url\" content=\"https:\/\/formation.france-terre-asile.org\/accueil-2\/point-sur-les-formations-2021\/\" \/>\n<meta property=\"og:site_name\" content=\"Centre de formation France terre d&#039;asile\" \/>\n<meta property=\"article:published_time\" content=\"2021-03-04T16:02:46+00:00\" \/>\n<meta property=\"article:modified_time\" content=\"2021-05-06T14:58:29+00:00\" \/>\n<meta property=\"og:image\" content=\"https:\/\/formation.france-terre-asile.org\/wp-content\/uploads\/2021\/03\/photo-catalogue-300x300.jpg\" \/>\n<meta name=\"author\" content=\"Arnold Larochelle\" \/>\n<meta name=\"twitter:card\" content=\"summary_large_image\" \/>\n<meta name=\"twitter:label1\" content=\"\u00c9crit par\" \/>\n\t<meta name=\"twitter:data1\" content=\"Arnold Larochelle\" \/>\n\t<meta name=\"twitter:label2\" content=\"Dur\u00e9e de lecture estim\u00e9e\" \/>\n\t<meta name=\"twitter:data2\" content=\"1 minute\" \/>\n<script type=\"application\/ld+json\" class=\"yoast-schema-graph\">{\"@context\":\"https:\\\/\\\/schema.org\",\"@graph\":[{\"@type\":\"Article\",\"@id\":\"https:\\\/\\\/formation.france-terre-asile.org\\\/accueil-2\\\/point-sur-les-formations-2021\\\/#article\",\"isPartOf\":{\"@id\":\"https:\\\/\\\/formation.france-terre-asile.org\\\/accueil-2\\\/point-sur-les-formations-2021\\\/\"},\"author\":{\"name\":\"Arnold Larochelle\",\"@id\":\"https:\\\/\\\/formation.france-terre-asile.org\\\/accueil-2\\\/#\\\/schema\\\/person\\\/05b85b8ef7fde43b58d4fb6450411437\"},\"headline\":\"Point sur les formations 2021\",\"datePublished\":\"2021-03-04T16:02:46+00:00\",\"dateModified\":\"2021-05-06T14:58:29+00:00\",\"mainEntityOfPage\":{\"@id\":\"https:\\\/\\\/formation.france-terre-asile.org\\\/accueil-2\\\/point-sur-les-formations-2021\\\/\"},\"wordCount\":20,\"publisher\":{\"@id\":\"https:\\\/\\\/formation.france-terre-asile.org\\\/accueil-2\\\/#organization\"},\"image\":{\"@id\":\"https:\\\/\\\/formation.france-terre-asile.org\\\/accueil-2\\\/point-sur-les-formations-2021\\\/#primaryimage\"},\"thumbnailUrl\":\"https:\\\/\\\/formation.france-terre-asile.org\\\/wp-content\\\/uploads\\\/2021\\\/03\\\/photo-catalogue-300x300.jpg\",\"articleSection\":[\"Archiv\u00e9\"],\"inLanguage\":\"fr-FR\"},{\"@type\":\"WebPage\",\"@id\":\"https:\\\/\\\/formation.france-terre-asile.org\\\/accueil-2\\\/point-sur-les-formations-2021\\\/\",\"url\":\"https:\\\/\\\/formation.france-terre-asile.org\\\/accueil-2\\\/point-sur-les-formations-2021\\\/\",\"name\":\"Point sur les formations 2021 - Centre de formation France terre d&#039;asile\",\"isPartOf\":{\"@id\":\"https:\\\/\\\/formation.france-terre-asile.org\\\/accueil-2\\\/#website\"},\"primaryImageOfPage\":{\"@id\":\"https:\\\/\\\/formation.france-terre-asile.org\\\/accueil-2\\\/point-sur-les-formations-2021\\\/#primaryimage\"},\"image\":{\"@id\":\"https:\\\/\\\/formation.france-terre-asile.org\\\/accueil-2\\\/point-sur-les-formations-2021\\\/#primaryimage\"},\"thumbnailUrl\":\"https:\\\/\\\/formation.france-terre-asile.org\\\/wp-content\\\/uploads\\\/2021\\\/03\\\/photo-catalogue-300x300.jpg\",\"datePublished\":\"2021-03-04T16:02:46+00:00\",\"dateModified\":\"2021-05-06T14:58:29+00:00\",\"breadcrumb\":{\"@id\":\"https:\\\/\\\/formation.france-terre-asile.org\\\/accueil-2\\\/point-sur-les-formations-2021\\\/#breadcrumb\"},\"inLanguage\":\"fr-FR\",\"potentialAction\":[{\"@type\":\"ReadAction\",\"target\":[\"https:\\\/\\\/formation.france-terre-asile.org\\\/accueil-2\\\/point-sur-les-formations-2021\\\/\"]}]},{\"@type\":\"ImageObject\",\"inLanguage\":\"fr-FR\",\"@id\":\"https:\\\/\\\/formation.france-terre-asile.org\\\/accueil-2\\\/point-sur-les-formations-2021\\\/#primaryimage\",\"url\":\"https:\\\/\\\/formation.france-terre-asile.org\\\/wp-content\\\/uploads\\\/2021\\\/03\\\/photo-catalogue-300x300.jpg\",\"contentUrl\":\"https:\\\/\\\/formation.france-terre-asile.org\\\/wp-content\\\/uploads\\\/2021\\\/03\\\/photo-catalogue-300x300.jpg\"},{\"@type\":\"BreadcrumbList\",\"@id\":\"https:\\\/\\\/formation.france-terre-asile.org\\\/accueil-2\\\/point-sur-les-formations-2021\\\/#breadcrumb\",\"itemListElement\":[{\"@type\":\"ListItem\",\"position\":1,\"name\":\"Accueil\",\"item\":\"https:\\\/\\\/formation.france-terre-asile.org\\\/accueil-2\\\/\"},{\"@type\":\"ListItem\",\"position\":2,\"name\":\"Point sur les formations 2021\"}]},{\"@type\":\"WebSite\",\"@id\":\"https:\\\/\\\/formation.france-terre-asile.org\\\/accueil-2\\\/#website\",\"url\":\"https:\\\/\\\/formation.france-terre-asile.org\\\/accueil-2\\\/\",\"name\":\"Centre de formation France terre d&#039;asile\",\"description\":\"\",\"publisher\":{\"@id\":\"https:\\\/\\\/formation.france-terre-asile.org\\\/accueil-2\\\/#organization\"},\"potentialAction\":[{\"@type\":\"SearchAction\",\"target\":{\"@type\":\"EntryPoint\",\"urlTemplate\":\"https:\\\/\\\/formation.france-terre-asile.org\\\/accueil-2\\\/?s={search_term_string}\"},\"query-input\":{\"@type\":\"PropertyValueSpecification\",\"valueRequired\":true,\"valueName\":\"search_term_string\"}}],\"inLanguage\":\"fr-FR\"},{\"@type\":\"Organization\",\"@id\":\"https:\\\/\\\/formation.france-terre-asile.org\\\/accueil-2\\\/#organization\",\"name\":\"Centre de formation France Terre d'Asile\",\"url\":\"https:\\\/\\\/formation.france-terre-asile.org\\\/accueil-2\\\/\",\"logo\":{\"@type\":\"ImageObject\",\"inLanguage\":\"fr-FR\",\"@id\":\"https:\\\/\\\/formation.france-terre-asile.org\\\/accueil-2\\\/#\\\/schema\\\/logo\\\/image\\\/\",\"url\":\"https:\\\/\\\/formation.france-terre-asile.org\\\/wp-content\\\/uploads\\\/2021\\\/03\\\/logo-50ans.png\",\"contentUrl\":\"https:\\\/\\\/formation.france-terre-asile.org\\\/wp-content\\\/uploads\\\/2021\\\/03\\\/logo-50ans.png\",\"width\":198,\"height\":114,\"caption\":\"Centre de formation France Terre d'Asile\"},\"image\":{\"@id\":\"https:\\\/\\\/formation.france-terre-asile.org\\\/accueil-2\\\/#\\\/schema\\\/logo\\\/image\\\/\"}},{\"@type\":\"Person\",\"@id\":\"https:\\\/\\\/formation.france-terre-asile.org\\\/accueil-2\\\/#\\\/schema\\\/person\\\/05b85b8ef7fde43b58d4fb6450411437\",\"name\":\"Arnold Larochelle\",\"image\":{\"@type\":\"ImageObject\",\"inLanguage\":\"fr-FR\",\"@id\":\"https:\\\/\\\/secure.gravatar.com\\\/avatar\\\/d30da25799c15329311f3f4cc6d493bc9e711efd13ca18ef4d8d2bc72a826118?s=96&d=mm&r=g\",\"url\":\"https:\\\/\\\/secure.gravatar.com\\\/avatar\\\/d30da25799c15329311f3f4cc6d493bc9e711efd13ca18ef4d8d2bc72a826118?s=96&d=mm&r=g\",\"contentUrl\":\"https:\\\/\\\/secure.gravatar.com\\\/avatar\\\/d30da25799c15329311f3f4cc6d493bc9e711efd13ca18ef4d8d2bc72a826118?s=96&d=mm&r=g\",\"caption\":\"Arnold Larochelle\"},\"url\":\"https:\\\/\\\/formation.france-terre-asile.org\\\/accueil-2\\\/author\\\/formationcf\\\/\"}]}<\/script>\n<!-- \/ Yoast SEO plugin. -->","yoast_head_json":{"title":"Point sur les formations 2021 - Centre de formation France terre d&#039;asile","robots":{"index":"index","follow":"follow","max-snippet":"max-snippet:-1","max-image-preview":"max-image-preview:large","max-video-preview":"max-video-preview:-1"},"canonical":"https:\/\/formation.france-terre-asile.org\/accueil-2\/point-sur-les-formations-2021\/","og_locale":"fr_FR","og_type":"article","og_title":"Point sur les formations 2021 - Centre de formation France terre d&#039;asile","og_description":"\u00a0En attendant le retour \u00e0 la vie normale, le centre maintient ses formations \u00e0 distance. \u00c0 tr\u00e8s vite !","og_url":"https:\/\/formation.france-terre-asile.org\/accueil-2\/point-sur-les-formations-2021\/","og_site_name":"Centre de formation France terre d&#039;asile","article_published_time":"2021-03-04T16:02:46+00:00","article_modified_time":"2021-05-06T14:58:29+00:00","og_image":[{"url":"https:\/\/formation.france-terre-asile.org\/wp-content\/uploads\/2021\/03\/photo-catalogue-300x300.jpg","type":"","width":"","height":""}],"author":"Arnold Larochelle","twitter_card":"summary_large_image","twitter_misc":{"\u00c9crit par":"Arnold Larochelle","Dur\u00e9e de lecture estim\u00e9e":"1 minute"},"schema":{"@context":"https:\/\/schema.org","@graph":[{"@type":"Article","@id":"https:\/\/formation.france-terre-asile.org\/accueil-2\/point-sur-les-formations-2021\/#article","isPartOf":{"@id":"https:\/\/formation.france-terre-asile.org\/accueil-2\/point-sur-les-formations-2021\/"},"author":{"name":"Arnold Larochelle","@id":"https:\/\/formation.france-terre-asile.org\/accueil-2\/#\/schema\/person\/05b85b8ef7fde43b58d4fb6450411437"},"headline":"Point sur les formations 2021","datePublished":"2021-03-04T16:02:46+00:00","dateModified":"2021-05-06T14:58:29+00:00","mainEntityOfPage":{"@id":"https:\/\/formation.france-terre-asile.org\/accueil-2\/point-sur-les-formations-2021\/"},"wordCount":20,"publisher":{"@id":"https:\/\/formation.france-terre-asile.org\/accueil-2\/#organization"},"image":{"@id":"https:\/\/formation.france-terre-asile.org\/accueil-2\/point-sur-les-formations-2021\/#primaryimage"},"thumbnailUrl":"https:\/\/formation.france-terre-asile.org\/wp-content\/uploads\/2021\/03\/photo-catalogue-300x300.jpg","articleSection":["Archiv\u00e9"],"inLanguage":"fr-FR"},{"@type":"WebPage","@id":"https:\/\/formation.france-terre-asile.org\/accueil-2\/point-sur-les-formations-2021\/","url":"https:\/\/formation.france-terre-asile.org\/accueil-2\/point-sur-les-formations-2021\/","name":"Point sur les formations 2021 - Centre de formation France terre d&#039;asile","isPartOf":{"@id":"https:\/\/formation.france-terre-asile.org\/accueil-2\/#website"},"primaryImageOfPage":{"@id":"https:\/\/formation.france-terre-asile.org\/accueil-2\/point-sur-les-formations-2021\/#primaryimage"},"image":{"@id":"https:\/\/formation.france-terre-asile.org\/accueil-2\/point-sur-les-formations-2021\/#primaryimage"},"thumbnailUrl":"https:\/\/formation.france-terre-asile.org\/wp-content\/uploads\/2021\/03\/photo-catalogue-300x300.jpg","datePublished":"2021-03-04T16:02:46+00:00","dateModified":"2021-05-06T14:58:29+00:00","breadcrumb":{"@id":"https:\/\/formation.france-terre-asile.org\/accueil-2\/point-sur-les-formations-2021\/#breadcrumb"},"inLanguage":"fr-FR","potentialAction":[{"@type":"ReadAction","target":["https:\/\/formation.france-terre-asile.org\/accueil-2\/point-sur-les-formations-2021\/"]}]},{"@type":"ImageObject","inLanguage":"fr-FR","@id":"https:\/\/formation.france-terre-asile.org\/accueil-2\/point-sur-les-formations-2021\/#primaryimage","url":"https:\/\/formation.france-terre-asile.org\/wp-content\/uploads\/2021\/03\/photo-catalogue-300x300.jpg","contentUrl":"https:\/\/formation.france-terre-asile.org\/wp-content\/uploads\/2021\/03\/photo-catalogue-300x300.jpg"},{"@type":"BreadcrumbList","@id":"https:\/\/formation.france-terre-asile.org\/accueil-2\/point-sur-les-formations-2021\/#breadcrumb","itemListElement":[{"@type":"ListItem","position":1,"name":"Accueil","item":"https:\/\/formation.france-terre-asile.org\/accueil-2\/"},{"@type":"ListItem","position":2,"name":"Point sur les formations 2021"}]},{"@type":"WebSite","@id":"https:\/\/formation.france-terre-asile.org\/accueil-2\/#website","url":"https:\/\/formation.france-terre-asile.org\/accueil-2\/","name":"Centre de formation France terre d&#039;asile","description":"","publisher":{"@id":"https:\/\/formation.france-terre-asile.org\/accueil-2\/#organization"},"potentialAction":[{"@type":"SearchAction","target":{"@type":"EntryPoint","urlTemplate":"https:\/\/formation.france-terre-asile.org\/accueil-2\/?s={search_term_string}"},"query-input":{"@type":"PropertyValueSpecification","valueRequired":true,"valueName":"search_term_string"}}],"inLanguage":"fr-FR"},{"@type":"Organization","@id":"https:\/\/formation.france-terre-asile.org\/accueil-2\/#organization","name":"Centre de formation France Terre d'Asile","url":"https:\/\/formation.france-terre-asile.org\/accueil-2\/","logo":{"@type":"ImageObject","inLanguage":"fr-FR","@id":"https:\/\/formation.france-terre-asile.org\/accueil-2\/#\/schema\/logo\/image\/","url":"https:\/\/formation.france-terre-asile.org\/wp-content\/uploads\/2021\/03\/logo-50ans.png","contentUrl":"https:\/\/formation.france-terre-asile.org\/wp-content\/uploads\/2021\/03\/logo-50ans.png","width":198,"height":114,"caption":"Centre de formation France Terre d'Asile"},"image":{"@id":"https:\/\/formation.france-terre-asile.org\/accueil-2\/#\/schema\/logo\/image\/"}},{"@type":"Person","@id":"https:\/\/formation.france-terre-asile.org\/accueil-2\/#\/schema\/person\/05b85b8ef7fde43b58d4fb6450411437","name":"Arnold Larochelle","image":{"@type":"ImageObject","inLanguage":"fr-FR","@id":"https:\/\/secure.gravatar.com\/avatar\/d30da25799c15329311f3f4cc6d493bc9e711efd13ca18ef4d8d2bc72a826118?s=96&d=mm&r=g","url":"https:\/\/secure.gravatar.com\/avatar\/d30da25799c15329311f3f4cc6d493bc9e711efd13ca18ef4d8d2bc72a826118?s=96&d=mm&r=g","contentUrl":"https:\/\/secure.gravatar.com\/avatar\/d30da25799c15329311f3f4cc6d493bc9e711efd13ca18ef4d8d2bc72a826118?s=96&d=mm&r=g","caption":"Arnold Larochelle"},"url":"https:\/\/formation.france-terre-asile.org\/accueil-2\/author\/formationcf\/"}]}},"uagb_featured_image_src":{"full":false,"thumbnail":false,"medium":false,"medium_large":false,"large":false,"1536x1536":false,"2048x2048":false,"et-pb-post-main-image":false,"et-pb-post-main-image-fullwidth":false,"et-pb-portfolio-image":false,"et-pb-portfolio-module-image":false,"et-pb-portfolio-image-single":false,"et-pb-gallery-module-image-portrait":false,"et-pb-post-main-image-fullwidth-large":false,"et-pb-image--responsive--desktop":false,"et-pb-image--responsive--tablet":false,"et-pb-image--responsive--phone":false},"uagb_author_info":{"display_name":"Arnold Larochelle","author_link":"https:\/\/formation.france-terre-asile.org\/accueil-2\/author\/formationcf\/"},"uagb_comment_info":0,"uagb_excerpt":"\u00a0En attendant le retour \u00e0 la vie normale, le centre maintient ses formations \u00e0 distance. \u00c0 tr\u00e8s vite !","_links":{"self":[{"href":"https:\/\/formation.france-terre-asile.org\/accueil-2\/wp-json\/wp\/v2\/posts\/897","targetHints":{"allow":["GET"]}}],"collection":[{"href":"https:\/\/formation.france-terre-asile.org\/accueil-2\/wp-json\/wp\/v2\/posts"}],"about":[{"href":"https:\/\/formation.france-terre-asile.org\/accueil-2\/wp-json\/wp\/v2\/types\/post"}],"author":[{"embeddable":true,"href":"https:\/\/formation.france-terre-asile.org\/accueil-2\/wp-json\/wp\/v2\/users\/3"}],"replies":[{"embeddable":true,"href":"https:\/\/formation.france-terre-asile.org\/accueil-2\/wp-json\/wp\/v2\/comments?post=897"}],"version-history":[{"count":3,"href":"https:\/\/formation.france-terre-asile.org\/accueil-2\/wp-json\/wp\/v2\/posts\/897\/revisions"}],"predecessor-version":[{"id":900,"href":"https:\/\/formation.france-terre-asile.org\/accueil-2\/wp-json\/wp\/v2\/posts\/897\/revisions\/900"}],"wp:attachment":[{"href":"https:\/\/formation.france-terre-asile.org\/accueil-2\/wp-json\/wp\/v2\/media?parent=897"}],"wp:term":[{"taxonomy":"category","embeddable":true,"href":"https:\/\/formation.france-terre-asile.org\/accueil-2\/wp-json\/wp\/v2\/categories?post=897"},{"taxonomy":"post_tag","embeddable":true,"href":"https:\/\/formation.france-terre-asile.org\/accueil-2\/wp-json\/wp\/v2\/tags?post=897"}],"curies":[{"name":"wp","href":"https:\/\/api.w.org\/{rel}","templated":true}]}}