{"id":959,"date":"2021-05-03T15:07:04","date_gmt":"2021-05-03T13:07:04","guid":{"rendered":"https:\/\/formation.france-terre-asile.org\/?p=959"},"modified":"2021-05-12T15:17:57","modified_gmt":"2021-05-12T13:17:57","slug":"reunion-hebdomadaire-avec-les-formateurs","status":"publish","type":"post","link":"https:\/\/formation.france-terre-asile.org\/accueil-2\/reunion-hebdomadaire-avec-les-formateurs\/","title":{"rendered":"R\u00e9union hebdomadaire avec les formateurs"},"content":{"rendered":"\n<h1 class=\"alignwide has-text-align-center wp-block-heading\">R\u00e9union hebdomadaire avec les formateurs<\/h1>\n\n\n\n<div class=\"wp-block-columns is-layout-flex wp-container-core-columns-is-layout-9d6595d7 wp-block-columns-is-layout-flex\">\n<div class=\"wp-block-column is-layout-flow wp-block-column-is-layout-flow\">\n<p>Nos formateurs sont des contributeurs essentiels au bon fonctionnement du centre de formation. C\u2019est avec cet esprit que l\u2019\u00e9quipe du centre a d\u00e9marr\u00e9 la premi\u00e8re r\u00e9union hebdomadaire avec les formateurs mercredi dernier.<br><br>Ces r\u00e9unions s\u2019inscrivent dans une d\u00e9marche p\u00e9renne avec pour objectif de faciliter la communication et cr\u00e9er des \u00e9changes interactifs. Gr\u00e2ce \u00e0 elles nous souhaitons comprendre les probl\u00e9matiques que rencontrent nos formateurs et ainsi pouvoir mieux r\u00e9pondre \u00e0 leurs attentes.<br><br>Les r\u00e9unions seront programm\u00e9es chaque mercredi, et auront pour objet divers questions et sujets qui seront trait\u00e9s par l&rsquo;ensemble de l&rsquo;\u00e9quipe.<\/p>\n<\/div>\n\n\n\n<div class=\"wp-block-column is-layout-flow wp-block-column-is-layout-flow\">\n<figure class=\"wp-block-image size-large\"><img loading=\"lazy\" decoding=\"async\" width=\"1024\" height=\"550\" src=\"https:\/\/formation.france-terre-asile.org\/wp-content\/uploads\/2021\/05\/point-hebodo-formateur-1024x550.png\" alt=\"Zoom de la r\u00e9union hebdomadaire avec les formateurs\" class=\"wp-image-960\" srcset=\"https:\/\/formation.france-terre-asile.org\/wp-content\/uploads\/2021\/05\/point-hebodo-formateur-1024x550.png 1024w, https:\/\/formation.france-terre-asile.org\/wp-content\/uploads\/2021\/05\/point-hebodo-formateur-300x161.png 300w, https:\/\/formation.france-terre-asile.org\/wp-content\/uploads\/2021\/05\/point-hebodo-formateur.png 1041w\" sizes=\"(max-width: 1024px) 100vw, 1024px\" \/><\/figure>\n<\/div>\n<\/div>\n","protected":false},"excerpt":{"rendered":"<p>R\u00e9union hebdomadaire avec les formateurs Nos formateurs sont des contributeurs essentiels au bon fonctionnement du centre de formation. C\u2019est avec cet esprit que l\u2019\u00e9quipe du centre a d\u00e9marr\u00e9 la premi\u00e8re r\u00e9union hebdomadaire avec les formateurs mercredi dernier. Ces r\u00e9unions s\u2019inscrivent dans une d\u00e9marche p\u00e9renne avec pour objectif de faciliter la communication et cr\u00e9er des \u00e9changes [&hellip;]<\/p>\n","protected":false},"author":3,"featured_media":0,"comment_status":"closed","ping_status":"closed","sticky":false,"template":"","format":"standard","meta":{"_et_pb_use_builder":"","_et_pb_old_content":"","_et_gb_content_width":"","_uag_custom_page_level_css":"","_monsterinsights_skip_tracking":false,"_monsterinsights_sitenote_active":false,"_monsterinsights_sitenote_note":"","_monsterinsights_sitenote_category":0,"footnotes":""},"categories":[16],"tags":[],"class_list":["post-959","post","type-post","status-publish","format-standard","hentry","category-archive"],"yoast_head":"<!-- This site is optimized with the Yoast SEO plugin v27.4 - https:\/\/yoast.com\/product\/yoast-seo-wordpress\/ -->\n<title>R\u00e9union hebdomadaire avec les formateurs - Centre de formation France terre d&#039;asile<\/title>\n<meta name=\"robots\" content=\"index, follow, max-snippet:-1, max-image-preview:large, max-video-preview:-1\" \/>\n<link rel=\"canonical\" href=\"https:\/\/formation.france-terre-asile.org\/accueil-2\/reunion-hebdomadaire-avec-les-formateurs\/\" \/>\n<meta property=\"og:locale\" content=\"fr_FR\" \/>\n<meta property=\"og:type\" content=\"article\" \/>\n<meta property=\"og:title\" content=\"R\u00e9union hebdomadaire avec les formateurs - Centre de formation France terre d&#039;asile\" \/>\n<meta property=\"og:description\" content=\"R\u00e9union hebdomadaire avec les formateurs Nos formateurs sont des contributeurs essentiels au bon fonctionnement du centre de formation. C\u2019est avec cet esprit que l\u2019\u00e9quipe du centre a d\u00e9marr\u00e9 la premi\u00e8re r\u00e9union hebdomadaire avec les formateurs mercredi dernier. Ces r\u00e9unions s\u2019inscrivent dans une d\u00e9marche p\u00e9renne avec pour objectif de faciliter la communication et cr\u00e9er des \u00e9changes [&hellip;]\" \/>\n<meta property=\"og:url\" content=\"https:\/\/formation.france-terre-asile.org\/accueil-2\/reunion-hebdomadaire-avec-les-formateurs\/\" \/>\n<meta property=\"og:site_name\" content=\"Centre de formation France terre d&#039;asile\" \/>\n<meta property=\"article:published_time\" content=\"2021-05-03T13:07:04+00:00\" \/>\n<meta property=\"article:modified_time\" content=\"2021-05-12T13:17:57+00:00\" \/>\n<meta property=\"og:image\" content=\"https:\/\/formation.france-terre-asile.org\/wp-content\/uploads\/2021\/05\/point-hebodo-formateur-1024x550.png\" \/>\n<meta name=\"author\" content=\"Arnold Larochelle\" \/>\n<meta name=\"twitter:card\" content=\"summary_large_image\" \/>\n<meta name=\"twitter:label1\" content=\"\u00c9crit par\" \/>\n\t<meta name=\"twitter:data1\" content=\"Arnold Larochelle\" \/>\n\t<meta name=\"twitter:label2\" content=\"Dur\u00e9e de lecture estim\u00e9e\" \/>\n\t<meta name=\"twitter:data2\" content=\"1 minute\" \/>\n<script type=\"application\/ld+json\" class=\"yoast-schema-graph\">{\"@context\":\"https:\\\/\\\/schema.org\",\"@graph\":[{\"@type\":\"Article\",\"@id\":\"https:\\\/\\\/formation.france-terre-asile.org\\\/accueil-2\\\/reunion-hebdomadaire-avec-les-formateurs\\\/#article\",\"isPartOf\":{\"@id\":\"https:\\\/\\\/formation.france-terre-asile.org\\\/accueil-2\\\/reunion-hebdomadaire-avec-les-formateurs\\\/\"},\"author\":{\"name\":\"Arnold Larochelle\",\"@id\":\"https:\\\/\\\/formation.france-terre-asile.org\\\/accueil-2\\\/#\\\/schema\\\/person\\\/05b85b8ef7fde43b58d4fb6450411437\"},\"headline\":\"R\u00e9union hebdomadaire avec les formateurs\",\"datePublished\":\"2021-05-03T13:07:04+00:00\",\"dateModified\":\"2021-05-12T13:17:57+00:00\",\"mainEntityOfPage\":{\"@id\":\"https:\\\/\\\/formation.france-terre-asile.org\\\/accueil-2\\\/reunion-hebdomadaire-avec-les-formateurs\\\/\"},\"wordCount\":119,\"publisher\":{\"@id\":\"https:\\\/\\\/formation.france-terre-asile.org\\\/accueil-2\\\/#organization\"},\"image\":{\"@id\":\"https:\\\/\\\/formation.france-terre-asile.org\\\/accueil-2\\\/reunion-hebdomadaire-avec-les-formateurs\\\/#primaryimage\"},\"thumbnailUrl\":\"https:\\\/\\\/formation.france-terre-asile.org\\\/wp-content\\\/uploads\\\/2021\\\/05\\\/point-hebodo-formateur-1024x550.png\",\"articleSection\":[\"Archiv\u00e9\"],\"inLanguage\":\"fr-FR\"},{\"@type\":\"WebPage\",\"@id\":\"https:\\\/\\\/formation.france-terre-asile.org\\\/accueil-2\\\/reunion-hebdomadaire-avec-les-formateurs\\\/\",\"url\":\"https:\\\/\\\/formation.france-terre-asile.org\\\/accueil-2\\\/reunion-hebdomadaire-avec-les-formateurs\\\/\",\"name\":\"R\u00e9union hebdomadaire avec les formateurs - Centre de formation France terre d&#039;asile\",\"isPartOf\":{\"@id\":\"https:\\\/\\\/formation.france-terre-asile.org\\\/accueil-2\\\/#website\"},\"primaryImageOfPage\":{\"@id\":\"https:\\\/\\\/formation.france-terre-asile.org\\\/accueil-2\\\/reunion-hebdomadaire-avec-les-formateurs\\\/#primaryimage\"},\"image\":{\"@id\":\"https:\\\/\\\/formation.france-terre-asile.org\\\/accueil-2\\\/reunion-hebdomadaire-avec-les-formateurs\\\/#primaryimage\"},\"thumbnailUrl\":\"https:\\\/\\\/formation.france-terre-asile.org\\\/wp-content\\\/uploads\\\/2021\\\/05\\\/point-hebodo-formateur-1024x550.png\",\"datePublished\":\"2021-05-03T13:07:04+00:00\",\"dateModified\":\"2021-05-12T13:17:57+00:00\",\"breadcrumb\":{\"@id\":\"https:\\\/\\\/formation.france-terre-asile.org\\\/accueil-2\\\/reunion-hebdomadaire-avec-les-formateurs\\\/#breadcrumb\"},\"inLanguage\":\"fr-FR\",\"potentialAction\":[{\"@type\":\"ReadAction\",\"target\":[\"https:\\\/\\\/formation.france-terre-asile.org\\\/accueil-2\\\/reunion-hebdomadaire-avec-les-formateurs\\\/\"]}]},{\"@type\":\"ImageObject\",\"inLanguage\":\"fr-FR\",\"@id\":\"https:\\\/\\\/formation.france-terre-asile.org\\\/accueil-2\\\/reunion-hebdomadaire-avec-les-formateurs\\\/#primaryimage\",\"url\":\"https:\\\/\\\/formation.france-terre-asile.org\\\/wp-content\\\/uploads\\\/2021\\\/05\\\/point-hebodo-formateur-1024x550.png\",\"contentUrl\":\"https:\\\/\\\/formation.france-terre-asile.org\\\/wp-content\\\/uploads\\\/2021\\\/05\\\/point-hebodo-formateur-1024x550.png\"},{\"@type\":\"BreadcrumbList\",\"@id\":\"https:\\\/\\\/formation.france-terre-asile.org\\\/accueil-2\\\/reunion-hebdomadaire-avec-les-formateurs\\\/#breadcrumb\",\"itemListElement\":[{\"@type\":\"ListItem\",\"position\":1,\"name\":\"Accueil\",\"item\":\"https:\\\/\\\/formation.france-terre-asile.org\\\/accueil-2\\\/\"},{\"@type\":\"ListItem\",\"position\":2,\"name\":\"R\u00e9union hebdomadaire avec les formateurs\"}]},{\"@type\":\"WebSite\",\"@id\":\"https:\\\/\\\/formation.france-terre-asile.org\\\/accueil-2\\\/#website\",\"url\":\"https:\\\/\\\/formation.france-terre-asile.org\\\/accueil-2\\\/\",\"name\":\"Centre de formation France terre d&#039;asile\",\"description\":\"\",\"publisher\":{\"@id\":\"https:\\\/\\\/formation.france-terre-asile.org\\\/accueil-2\\\/#organization\"},\"potentialAction\":[{\"@type\":\"SearchAction\",\"target\":{\"@type\":\"EntryPoint\",\"urlTemplate\":\"https:\\\/\\\/formation.france-terre-asile.org\\\/accueil-2\\\/?s={search_term_string}\"},\"query-input\":{\"@type\":\"PropertyValueSpecification\",\"valueRequired\":true,\"valueName\":\"search_term_string\"}}],\"inLanguage\":\"fr-FR\"},{\"@type\":\"Organization\",\"@id\":\"https:\\\/\\\/formation.france-terre-asile.org\\\/accueil-2\\\/#organization\",\"name\":\"Centre de formation France Terre d'Asile\",\"url\":\"https:\\\/\\\/formation.france-terre-asile.org\\\/accueil-2\\\/\",\"logo\":{\"@type\":\"ImageObject\",\"inLanguage\":\"fr-FR\",\"@id\":\"https:\\\/\\\/formation.france-terre-asile.org\\\/accueil-2\\\/#\\\/schema\\\/logo\\\/image\\\/\",\"url\":\"https:\\\/\\\/formation.france-terre-asile.org\\\/wp-content\\\/uploads\\\/2021\\\/03\\\/logo-50ans.png\",\"contentUrl\":\"https:\\\/\\\/formation.france-terre-asile.org\\\/wp-content\\\/uploads\\\/2021\\\/03\\\/logo-50ans.png\",\"width\":198,\"height\":114,\"caption\":\"Centre de formation France Terre d'Asile\"},\"image\":{\"@id\":\"https:\\\/\\\/formation.france-terre-asile.org\\\/accueil-2\\\/#\\\/schema\\\/logo\\\/image\\\/\"}},{\"@type\":\"Person\",\"@id\":\"https:\\\/\\\/formation.france-terre-asile.org\\\/accueil-2\\\/#\\\/schema\\\/person\\\/05b85b8ef7fde43b58d4fb6450411437\",\"name\":\"Arnold Larochelle\",\"image\":{\"@type\":\"ImageObject\",\"inLanguage\":\"fr-FR\",\"@id\":\"https:\\\/\\\/secure.gravatar.com\\\/avatar\\\/d30da25799c15329311f3f4cc6d493bc9e711efd13ca18ef4d8d2bc72a826118?s=96&d=mm&r=g\",\"url\":\"https:\\\/\\\/secure.gravatar.com\\\/avatar\\\/d30da25799c15329311f3f4cc6d493bc9e711efd13ca18ef4d8d2bc72a826118?s=96&d=mm&r=g\",\"contentUrl\":\"https:\\\/\\\/secure.gravatar.com\\\/avatar\\\/d30da25799c15329311f3f4cc6d493bc9e711efd13ca18ef4d8d2bc72a826118?s=96&d=mm&r=g\",\"caption\":\"Arnold Larochelle\"},\"url\":\"https:\\\/\\\/formation.france-terre-asile.org\\\/accueil-2\\\/author\\\/formationcf\\\/\"}]}<\/script>\n<!-- \/ Yoast SEO plugin. -->","yoast_head_json":{"title":"R\u00e9union hebdomadaire avec les formateurs - Centre de formation France terre d&#039;asile","robots":{"index":"index","follow":"follow","max-snippet":"max-snippet:-1","max-image-preview":"max-image-preview:large","max-video-preview":"max-video-preview:-1"},"canonical":"https:\/\/formation.france-terre-asile.org\/accueil-2\/reunion-hebdomadaire-avec-les-formateurs\/","og_locale":"fr_FR","og_type":"article","og_title":"R\u00e9union hebdomadaire avec les formateurs - Centre de formation France terre d&#039;asile","og_description":"R\u00e9union hebdomadaire avec les formateurs Nos formateurs sont des contributeurs essentiels au bon fonctionnement du centre de formation. C\u2019est avec cet esprit que l\u2019\u00e9quipe du centre a d\u00e9marr\u00e9 la premi\u00e8re r\u00e9union hebdomadaire avec les formateurs mercredi dernier. Ces r\u00e9unions s\u2019inscrivent dans une d\u00e9marche p\u00e9renne avec pour objectif de faciliter la communication et cr\u00e9er des \u00e9changes [&hellip;]","og_url":"https:\/\/formation.france-terre-asile.org\/accueil-2\/reunion-hebdomadaire-avec-les-formateurs\/","og_site_name":"Centre de formation France terre d&#039;asile","article_published_time":"2021-05-03T13:07:04+00:00","article_modified_time":"2021-05-12T13:17:57+00:00","og_image":[{"url":"https:\/\/formation.france-terre-asile.org\/wp-content\/uploads\/2021\/05\/point-hebodo-formateur-1024x550.png","type":"","width":"","height":""}],"author":"Arnold Larochelle","twitter_card":"summary_large_image","twitter_misc":{"\u00c9crit par":"Arnold Larochelle","Dur\u00e9e de lecture estim\u00e9e":"1 minute"},"schema":{"@context":"https:\/\/schema.org","@graph":[{"@type":"Article","@id":"https:\/\/formation.france-terre-asile.org\/accueil-2\/reunion-hebdomadaire-avec-les-formateurs\/#article","isPartOf":{"@id":"https:\/\/formation.france-terre-asile.org\/accueil-2\/reunion-hebdomadaire-avec-les-formateurs\/"},"author":{"name":"Arnold Larochelle","@id":"https:\/\/formation.france-terre-asile.org\/accueil-2\/#\/schema\/person\/05b85b8ef7fde43b58d4fb6450411437"},"headline":"R\u00e9union hebdomadaire avec les formateurs","datePublished":"2021-05-03T13:07:04+00:00","dateModified":"2021-05-12T13:17:57+00:00","mainEntityOfPage":{"@id":"https:\/\/formation.france-terre-asile.org\/accueil-2\/reunion-hebdomadaire-avec-les-formateurs\/"},"wordCount":119,"publisher":{"@id":"https:\/\/formation.france-terre-asile.org\/accueil-2\/#organization"},"image":{"@id":"https:\/\/formation.france-terre-asile.org\/accueil-2\/reunion-hebdomadaire-avec-les-formateurs\/#primaryimage"},"thumbnailUrl":"https:\/\/formation.france-terre-asile.org\/wp-content\/uploads\/2021\/05\/point-hebodo-formateur-1024x550.png","articleSection":["Archiv\u00e9"],"inLanguage":"fr-FR"},{"@type":"WebPage","@id":"https:\/\/formation.france-terre-asile.org\/accueil-2\/reunion-hebdomadaire-avec-les-formateurs\/","url":"https:\/\/formation.france-terre-asile.org\/accueil-2\/reunion-hebdomadaire-avec-les-formateurs\/","name":"R\u00e9union hebdomadaire avec les formateurs - Centre de formation France terre d&#039;asile","isPartOf":{"@id":"https:\/\/formation.france-terre-asile.org\/accueil-2\/#website"},"primaryImageOfPage":{"@id":"https:\/\/formation.france-terre-asile.org\/accueil-2\/reunion-hebdomadaire-avec-les-formateurs\/#primaryimage"},"image":{"@id":"https:\/\/formation.france-terre-asile.org\/accueil-2\/reunion-hebdomadaire-avec-les-formateurs\/#primaryimage"},"thumbnailUrl":"https:\/\/formation.france-terre-asile.org\/wp-content\/uploads\/2021\/05\/point-hebodo-formateur-1024x550.png","datePublished":"2021-05-03T13:07:04+00:00","dateModified":"2021-05-12T13:17:57+00:00","breadcrumb":{"@id":"https:\/\/formation.france-terre-asile.org\/accueil-2\/reunion-hebdomadaire-avec-les-formateurs\/#breadcrumb"},"inLanguage":"fr-FR","potentialAction":[{"@type":"ReadAction","target":["https:\/\/formation.france-terre-asile.org\/accueil-2\/reunion-hebdomadaire-avec-les-formateurs\/"]}]},{"@type":"ImageObject","inLanguage":"fr-FR","@id":"https:\/\/formation.france-terre-asile.org\/accueil-2\/reunion-hebdomadaire-avec-les-formateurs\/#primaryimage","url":"https:\/\/formation.france-terre-asile.org\/wp-content\/uploads\/2021\/05\/point-hebodo-formateur-1024x550.png","contentUrl":"https:\/\/formation.france-terre-asile.org\/wp-content\/uploads\/2021\/05\/point-hebodo-formateur-1024x550.png"},{"@type":"BreadcrumbList","@id":"https:\/\/formation.france-terre-asile.org\/accueil-2\/reunion-hebdomadaire-avec-les-formateurs\/#breadcrumb","itemListElement":[{"@type":"ListItem","position":1,"name":"Accueil","item":"https:\/\/formation.france-terre-asile.org\/accueil-2\/"},{"@type":"ListItem","position":2,"name":"R\u00e9union hebdomadaire avec les formateurs"}]},{"@type":"WebSite","@id":"https:\/\/formation.france-terre-asile.org\/accueil-2\/#website","url":"https:\/\/formation.france-terre-asile.org\/accueil-2\/","name":"Centre de formation France terre d&#039;asile","description":"","publisher":{"@id":"https:\/\/formation.france-terre-asile.org\/accueil-2\/#organization"},"potentialAction":[{"@type":"SearchAction","target":{"@type":"EntryPoint","urlTemplate":"https:\/\/formation.france-terre-asile.org\/accueil-2\/?s={search_term_string}"},"query-input":{"@type":"PropertyValueSpecification","valueRequired":true,"valueName":"search_term_string"}}],"inLanguage":"fr-FR"},{"@type":"Organization","@id":"https:\/\/formation.france-terre-asile.org\/accueil-2\/#organization","name":"Centre de formation France Terre d'Asile","url":"https:\/\/formation.france-terre-asile.org\/accueil-2\/","logo":{"@type":"ImageObject","inLanguage":"fr-FR","@id":"https:\/\/formation.france-terre-asile.org\/accueil-2\/#\/schema\/logo\/image\/","url":"https:\/\/formation.france-terre-asile.org\/wp-content\/uploads\/2021\/03\/logo-50ans.png","contentUrl":"https:\/\/formation.france-terre-asile.org\/wp-content\/uploads\/2021\/03\/logo-50ans.png","width":198,"height":114,"caption":"Centre de formation France Terre d'Asile"},"image":{"@id":"https:\/\/formation.france-terre-asile.org\/accueil-2\/#\/schema\/logo\/image\/"}},{"@type":"Person","@id":"https:\/\/formation.france-terre-asile.org\/accueil-2\/#\/schema\/person\/05b85b8ef7fde43b58d4fb6450411437","name":"Arnold Larochelle","image":{"@type":"ImageObject","inLanguage":"fr-FR","@id":"https:\/\/secure.gravatar.com\/avatar\/d30da25799c15329311f3f4cc6d493bc9e711efd13ca18ef4d8d2bc72a826118?s=96&d=mm&r=g","url":"https:\/\/secure.gravatar.com\/avatar\/d30da25799c15329311f3f4cc6d493bc9e711efd13ca18ef4d8d2bc72a826118?s=96&d=mm&r=g","contentUrl":"https:\/\/secure.gravatar.com\/avatar\/d30da25799c15329311f3f4cc6d493bc9e711efd13ca18ef4d8d2bc72a826118?s=96&d=mm&r=g","caption":"Arnold Larochelle"},"url":"https:\/\/formation.france-terre-asile.org\/accueil-2\/author\/formationcf\/"}]}},"uagb_featured_image_src":{"full":false,"thumbnail":false,"medium":false,"medium_large":false,"large":false,"1536x1536":false,"2048x2048":false,"et-pb-post-main-image":false,"et-pb-post-main-image-fullwidth":false,"et-pb-portfolio-image":false,"et-pb-portfolio-module-image":false,"et-pb-portfolio-image-single":false,"et-pb-gallery-module-image-portrait":false,"et-pb-post-main-image-fullwidth-large":false,"et-pb-image--responsive--desktop":false,"et-pb-image--responsive--tablet":false,"et-pb-image--responsive--phone":false},"uagb_author_info":{"display_name":"Arnold Larochelle","author_link":"https:\/\/formation.france-terre-asile.org\/accueil-2\/author\/formationcf\/"},"uagb_comment_info":0,"uagb_excerpt":"R\u00e9union hebdomadaire avec les formateurs Nos formateurs sont des contributeurs essentiels au bon fonctionnement du centre de formation. C\u2019est avec cet esprit que l\u2019\u00e9quipe du centre a d\u00e9marr\u00e9 la premi\u00e8re r\u00e9union hebdomadaire avec les formateurs mercredi dernier. Ces r\u00e9unions s\u2019inscrivent dans une d\u00e9marche p\u00e9renne avec pour objectif de faciliter la communication et cr\u00e9er des \u00e9changes\u2026","_links":{"self":[{"href":"https:\/\/formation.france-terre-asile.org\/accueil-2\/wp-json\/wp\/v2\/posts\/959","targetHints":{"allow":["GET"]}}],"collection":[{"href":"https:\/\/formation.france-terre-asile.org\/accueil-2\/wp-json\/wp\/v2\/posts"}],"about":[{"href":"https:\/\/formation.france-terre-asile.org\/accueil-2\/wp-json\/wp\/v2\/types\/post"}],"author":[{"embeddable":true,"href":"https:\/\/formation.france-terre-asile.org\/accueil-2\/wp-json\/wp\/v2\/users\/3"}],"replies":[{"embeddable":true,"href":"https:\/\/formation.france-terre-asile.org\/accueil-2\/wp-json\/wp\/v2\/comments?post=959"}],"version-history":[{"count":3,"href":"https:\/\/formation.france-terre-asile.org\/accueil-2\/wp-json\/wp\/v2\/posts\/959\/revisions"}],"predecessor-version":[{"id":963,"href":"https:\/\/formation.france-terre-asile.org\/accueil-2\/wp-json\/wp\/v2\/posts\/959\/revisions\/963"}],"wp:attachment":[{"href":"https:\/\/formation.france-terre-asile.org\/accueil-2\/wp-json\/wp\/v2\/media?parent=959"}],"wp:term":[{"taxonomy":"category","embeddable":true,"href":"https:\/\/formation.france-terre-asile.org\/accueil-2\/wp-json\/wp\/v2\/categories?post=959"},{"taxonomy":"post_tag","embeddable":true,"href":"https:\/\/formation.france-terre-asile.org\/accueil-2\/wp-json\/wp\/v2\/tags?post=959"}],"curies":[{"name":"wp","href":"https:\/\/api.w.org\/{rel}","templated":true}]}}