{"id":997,"date":"2021-05-06T16:35:07","date_gmt":"2021-05-06T14:35:07","guid":{"rendered":"https:\/\/formation.france-terre-asile.org\/?p=997"},"modified":"2021-05-12T15:17:35","modified_gmt":"2021-05-12T13:17:35","slug":"formation-le-10-et-11-mai-determiner-lage-par-levaluation-sociale","status":"publish","type":"post","link":"https:\/\/formation.france-terre-asile.org\/accueil-2\/formation-le-10-et-11-mai-determiner-lage-par-levaluation-sociale\/","title":{"rendered":"Formation le 10 et 11 mai &#8211; D\u00e9terminer l&rsquo;\u00e2ge par l&rsquo;\u00e9valuation sociale"},"content":{"rendered":"\n<h2 class=\"wp-block-heading\">D\u00e9terminer l&rsquo;\u00e2ge par l&rsquo;\u00e2ge par l&rsquo;\u00e9valuation sociale &#8211; Le 10 et 11 mai<\/h2>\n\n\n\n<p>Les 10 et 11 mai prochains se tiendront les journ\u00e9es de formation sur \u00ab\u00a0D\u00e9terminer l&rsquo;\u00e2ge par l&rsquo;\u00e9valuation sociale\u00a0\u00bb. Gr\u00e2ce \u00e0 cette formation, les professionnels du secteur social pourront approfondir leurs connaissances sur :<\/p>\n\n\n\n<ul class=\"wp-block-list\"><li>Les moyens de permettre aux professionnels de d\u00e9velopper les comp\u00e9tences n\u00e9cessaires pour mener l\u2019\u00e9valuation sociale des jeunes, en vue de d\u00e9terminer leur \u00e2ge<\/li><li>La proc\u00e9dure d\u2019\u00e9valuation sociale de l\u2019\u00e2ge et ses enjeux<\/li><li>Les m\u00e9thodes d\u2019\u00e9valuation s\u2019appuyant sur des crit\u00e8res<\/li><li>La posture \u00e0 avoir face aux jeunes, et comment gagner en aisance dans la prise de note en vue de la r\u00e9alisation du rapport d\u2019\u00e9valuation<\/li><\/ul>\n\n\n\n<p>Cette formation ne n\u00e9cessite pas de pr\u00e9requis, tous les professionnels du secteur social peuvent la suivre ! <\/p>\n\n\n\n<div class=\"wp-block-buttons is-content-justification-center is-layout-flex wp-block-buttons-is-layout-flex\">\n<div class=\"wp-block-button has-custom-width wp-block-button__width-25\"><a class=\"wp-block-button__link has-content-bg-color has-content-primary-background-color has-text-color has-background\" href=\"https:\/\/www.france-terre-asile.org\/inscription-formations-2021\/non-categorise\/inscription-formations-2021\" target=\"_blank\" rel=\"noreferrer noopener\"><strong>Je m&rsquo;inscris !<\/strong><\/a><\/div>\n<\/div>\n\n\n\n<p><\/p>\n","protected":false},"excerpt":{"rendered":"<p>D\u00e9terminer l&rsquo;\u00e2ge par l&rsquo;\u00e2ge par l&rsquo;\u00e9valuation sociale &#8211; Le 10 et 11 mai Les 10 et 11 mai prochains se tiendront les journ\u00e9es de formation sur \u00ab\u00a0D\u00e9terminer l&rsquo;\u00e2ge par l&rsquo;\u00e9valuation sociale\u00a0\u00bb. Gr\u00e2ce \u00e0 cette formation, les professionnels du secteur social pourront approfondir leurs connaissances sur : Les moyens de permettre aux professionnels de d\u00e9velopper les [&hellip;]<\/p>\n","protected":false},"author":3,"featured_media":0,"comment_status":"closed","ping_status":"closed","sticky":false,"template":"","format":"standard","meta":{"_et_pb_use_builder":"","_et_pb_old_content":"","_et_gb_content_width":"","_uag_custom_page_level_css":"","_monsterinsights_skip_tracking":false,"_monsterinsights_sitenote_active":false,"_monsterinsights_sitenote_note":"","_monsterinsights_sitenote_category":0,"footnotes":""},"categories":[16],"tags":[],"class_list":["post-997","post","type-post","status-publish","format-standard","hentry","category-archive"],"yoast_head":"<!-- This site is optimized with the Yoast SEO plugin v27.4 - https:\/\/yoast.com\/product\/yoast-seo-wordpress\/ -->\n<title>Formation le 10 et 11 mai - D\u00e9terminer l&#039;\u00e2ge par l&#039;\u00e9valuation sociale - Centre de formation France terre d&#039;asile<\/title>\n<meta name=\"robots\" content=\"index, follow, max-snippet:-1, max-image-preview:large, max-video-preview:-1\" \/>\n<link rel=\"canonical\" href=\"https:\/\/formation.france-terre-asile.org\/accueil-2\/formation-le-10-et-11-mai-determiner-lage-par-levaluation-sociale\/\" \/>\n<meta property=\"og:locale\" content=\"fr_FR\" \/>\n<meta property=\"og:type\" content=\"article\" \/>\n<meta property=\"og:title\" content=\"Formation le 10 et 11 mai - D\u00e9terminer l&#039;\u00e2ge par l&#039;\u00e9valuation sociale - Centre de formation France terre d&#039;asile\" \/>\n<meta property=\"og:description\" content=\"D\u00e9terminer l&rsquo;\u00e2ge par l&rsquo;\u00e2ge par l&rsquo;\u00e9valuation sociale &#8211; Le 10 et 11 mai Les 10 et 11 mai prochains se tiendront les journ\u00e9es de formation sur \u00ab\u00a0D\u00e9terminer l&rsquo;\u00e2ge par l&rsquo;\u00e9valuation sociale\u00a0\u00bb. Gr\u00e2ce \u00e0 cette formation, les professionnels du secteur social pourront approfondir leurs connaissances sur : Les moyens de permettre aux professionnels de d\u00e9velopper les [&hellip;]\" \/>\n<meta property=\"og:url\" content=\"https:\/\/formation.france-terre-asile.org\/accueil-2\/formation-le-10-et-11-mai-determiner-lage-par-levaluation-sociale\/\" \/>\n<meta property=\"og:site_name\" content=\"Centre de formation France terre d&#039;asile\" \/>\n<meta property=\"article:published_time\" content=\"2021-05-06T14:35:07+00:00\" \/>\n<meta property=\"article:modified_time\" content=\"2021-05-12T13:17:35+00:00\" \/>\n<meta name=\"author\" content=\"Arnold Larochelle\" \/>\n<meta name=\"twitter:card\" content=\"summary_large_image\" \/>\n<meta name=\"twitter:label1\" content=\"\u00c9crit par\" \/>\n\t<meta name=\"twitter:data1\" content=\"Arnold Larochelle\" \/>\n\t<meta name=\"twitter:label2\" content=\"Dur\u00e9e de lecture estim\u00e9e\" \/>\n\t<meta name=\"twitter:data2\" content=\"1 minute\" \/>\n<script type=\"application\/ld+json\" class=\"yoast-schema-graph\">{\"@context\":\"https:\\\/\\\/schema.org\",\"@graph\":[{\"@type\":\"Article\",\"@id\":\"https:\\\/\\\/formation.france-terre-asile.org\\\/accueil-2\\\/formation-le-10-et-11-mai-determiner-lage-par-levaluation-sociale\\\/#article\",\"isPartOf\":{\"@id\":\"https:\\\/\\\/formation.france-terre-asile.org\\\/accueil-2\\\/formation-le-10-et-11-mai-determiner-lage-par-levaluation-sociale\\\/\"},\"author\":{\"name\":\"Arnold Larochelle\",\"@id\":\"https:\\\/\\\/formation.france-terre-asile.org\\\/accueil-2\\\/#\\\/schema\\\/person\\\/05b85b8ef7fde43b58d4fb6450411437\"},\"headline\":\"Formation le 10 et 11 mai &#8211; D\u00e9terminer l&rsquo;\u00e2ge par l&rsquo;\u00e9valuation sociale\",\"datePublished\":\"2021-05-06T14:35:07+00:00\",\"dateModified\":\"2021-05-12T13:17:35+00:00\",\"mainEntityOfPage\":{\"@id\":\"https:\\\/\\\/formation.france-terre-asile.org\\\/accueil-2\\\/formation-le-10-et-11-mai-determiner-lage-par-levaluation-sociale\\\/\"},\"wordCount\":159,\"publisher\":{\"@id\":\"https:\\\/\\\/formation.france-terre-asile.org\\\/accueil-2\\\/#organization\"},\"articleSection\":[\"Archiv\u00e9\"],\"inLanguage\":\"fr-FR\"},{\"@type\":\"WebPage\",\"@id\":\"https:\\\/\\\/formation.france-terre-asile.org\\\/accueil-2\\\/formation-le-10-et-11-mai-determiner-lage-par-levaluation-sociale\\\/\",\"url\":\"https:\\\/\\\/formation.france-terre-asile.org\\\/accueil-2\\\/formation-le-10-et-11-mai-determiner-lage-par-levaluation-sociale\\\/\",\"name\":\"Formation le 10 et 11 mai - D\u00e9terminer l'\u00e2ge par l'\u00e9valuation sociale - Centre de formation France terre d&#039;asile\",\"isPartOf\":{\"@id\":\"https:\\\/\\\/formation.france-terre-asile.org\\\/accueil-2\\\/#website\"},\"datePublished\":\"2021-05-06T14:35:07+00:00\",\"dateModified\":\"2021-05-12T13:17:35+00:00\",\"breadcrumb\":{\"@id\":\"https:\\\/\\\/formation.france-terre-asile.org\\\/accueil-2\\\/formation-le-10-et-11-mai-determiner-lage-par-levaluation-sociale\\\/#breadcrumb\"},\"inLanguage\":\"fr-FR\",\"potentialAction\":[{\"@type\":\"ReadAction\",\"target\":[\"https:\\\/\\\/formation.france-terre-asile.org\\\/accueil-2\\\/formation-le-10-et-11-mai-determiner-lage-par-levaluation-sociale\\\/\"]}]},{\"@type\":\"BreadcrumbList\",\"@id\":\"https:\\\/\\\/formation.france-terre-asile.org\\\/accueil-2\\\/formation-le-10-et-11-mai-determiner-lage-par-levaluation-sociale\\\/#breadcrumb\",\"itemListElement\":[{\"@type\":\"ListItem\",\"position\":1,\"name\":\"Accueil\",\"item\":\"https:\\\/\\\/formation.france-terre-asile.org\\\/accueil-2\\\/\"},{\"@type\":\"ListItem\",\"position\":2,\"name\":\"Formation le 10 et 11 mai &#8211; D\u00e9terminer l&rsquo;\u00e2ge par l&rsquo;\u00e9valuation sociale\"}]},{\"@type\":\"WebSite\",\"@id\":\"https:\\\/\\\/formation.france-terre-asile.org\\\/accueil-2\\\/#website\",\"url\":\"https:\\\/\\\/formation.france-terre-asile.org\\\/accueil-2\\\/\",\"name\":\"Centre de formation France terre d&#039;asile\",\"description\":\"\",\"publisher\":{\"@id\":\"https:\\\/\\\/formation.france-terre-asile.org\\\/accueil-2\\\/#organization\"},\"potentialAction\":[{\"@type\":\"SearchAction\",\"target\":{\"@type\":\"EntryPoint\",\"urlTemplate\":\"https:\\\/\\\/formation.france-terre-asile.org\\\/accueil-2\\\/?s={search_term_string}\"},\"query-input\":{\"@type\":\"PropertyValueSpecification\",\"valueRequired\":true,\"valueName\":\"search_term_string\"}}],\"inLanguage\":\"fr-FR\"},{\"@type\":\"Organization\",\"@id\":\"https:\\\/\\\/formation.france-terre-asile.org\\\/accueil-2\\\/#organization\",\"name\":\"Centre de formation France Terre d'Asile\",\"url\":\"https:\\\/\\\/formation.france-terre-asile.org\\\/accueil-2\\\/\",\"logo\":{\"@type\":\"ImageObject\",\"inLanguage\":\"fr-FR\",\"@id\":\"https:\\\/\\\/formation.france-terre-asile.org\\\/accueil-2\\\/#\\\/schema\\\/logo\\\/image\\\/\",\"url\":\"https:\\\/\\\/formation.france-terre-asile.org\\\/wp-content\\\/uploads\\\/2021\\\/03\\\/logo-50ans.png\",\"contentUrl\":\"https:\\\/\\\/formation.france-terre-asile.org\\\/wp-content\\\/uploads\\\/2021\\\/03\\\/logo-50ans.png\",\"width\":198,\"height\":114,\"caption\":\"Centre de formation France Terre d'Asile\"},\"image\":{\"@id\":\"https:\\\/\\\/formation.france-terre-asile.org\\\/accueil-2\\\/#\\\/schema\\\/logo\\\/image\\\/\"}},{\"@type\":\"Person\",\"@id\":\"https:\\\/\\\/formation.france-terre-asile.org\\\/accueil-2\\\/#\\\/schema\\\/person\\\/05b85b8ef7fde43b58d4fb6450411437\",\"name\":\"Arnold Larochelle\",\"image\":{\"@type\":\"ImageObject\",\"inLanguage\":\"fr-FR\",\"@id\":\"https:\\\/\\\/secure.gravatar.com\\\/avatar\\\/d30da25799c15329311f3f4cc6d493bc9e711efd13ca18ef4d8d2bc72a826118?s=96&d=mm&r=g\",\"url\":\"https:\\\/\\\/secure.gravatar.com\\\/avatar\\\/d30da25799c15329311f3f4cc6d493bc9e711efd13ca18ef4d8d2bc72a826118?s=96&d=mm&r=g\",\"contentUrl\":\"https:\\\/\\\/secure.gravatar.com\\\/avatar\\\/d30da25799c15329311f3f4cc6d493bc9e711efd13ca18ef4d8d2bc72a826118?s=96&d=mm&r=g\",\"caption\":\"Arnold Larochelle\"},\"url\":\"https:\\\/\\\/formation.france-terre-asile.org\\\/accueil-2\\\/author\\\/formationcf\\\/\"}]}<\/script>\n<!-- \/ Yoast SEO plugin. -->","yoast_head_json":{"title":"Formation le 10 et 11 mai - D\u00e9terminer l'\u00e2ge par l'\u00e9valuation sociale - Centre de formation France terre d&#039;asile","robots":{"index":"index","follow":"follow","max-snippet":"max-snippet:-1","max-image-preview":"max-image-preview:large","max-video-preview":"max-video-preview:-1"},"canonical":"https:\/\/formation.france-terre-asile.org\/accueil-2\/formation-le-10-et-11-mai-determiner-lage-par-levaluation-sociale\/","og_locale":"fr_FR","og_type":"article","og_title":"Formation le 10 et 11 mai - D\u00e9terminer l'\u00e2ge par l'\u00e9valuation sociale - Centre de formation France terre d&#039;asile","og_description":"D\u00e9terminer l&rsquo;\u00e2ge par l&rsquo;\u00e2ge par l&rsquo;\u00e9valuation sociale &#8211; Le 10 et 11 mai Les 10 et 11 mai prochains se tiendront les journ\u00e9es de formation sur \u00ab\u00a0D\u00e9terminer l&rsquo;\u00e2ge par l&rsquo;\u00e9valuation sociale\u00a0\u00bb. Gr\u00e2ce \u00e0 cette formation, les professionnels du secteur social pourront approfondir leurs connaissances sur : Les moyens de permettre aux professionnels de d\u00e9velopper les [&hellip;]","og_url":"https:\/\/formation.france-terre-asile.org\/accueil-2\/formation-le-10-et-11-mai-determiner-lage-par-levaluation-sociale\/","og_site_name":"Centre de formation France terre d&#039;asile","article_published_time":"2021-05-06T14:35:07+00:00","article_modified_time":"2021-05-12T13:17:35+00:00","author":"Arnold Larochelle","twitter_card":"summary_large_image","twitter_misc":{"\u00c9crit par":"Arnold Larochelle","Dur\u00e9e de lecture estim\u00e9e":"1 minute"},"schema":{"@context":"https:\/\/schema.org","@graph":[{"@type":"Article","@id":"https:\/\/formation.france-terre-asile.org\/accueil-2\/formation-le-10-et-11-mai-determiner-lage-par-levaluation-sociale\/#article","isPartOf":{"@id":"https:\/\/formation.france-terre-asile.org\/accueil-2\/formation-le-10-et-11-mai-determiner-lage-par-levaluation-sociale\/"},"author":{"name":"Arnold Larochelle","@id":"https:\/\/formation.france-terre-asile.org\/accueil-2\/#\/schema\/person\/05b85b8ef7fde43b58d4fb6450411437"},"headline":"Formation le 10 et 11 mai &#8211; D\u00e9terminer l&rsquo;\u00e2ge par l&rsquo;\u00e9valuation sociale","datePublished":"2021-05-06T14:35:07+00:00","dateModified":"2021-05-12T13:17:35+00:00","mainEntityOfPage":{"@id":"https:\/\/formation.france-terre-asile.org\/accueil-2\/formation-le-10-et-11-mai-determiner-lage-par-levaluation-sociale\/"},"wordCount":159,"publisher":{"@id":"https:\/\/formation.france-terre-asile.org\/accueil-2\/#organization"},"articleSection":["Archiv\u00e9"],"inLanguage":"fr-FR"},{"@type":"WebPage","@id":"https:\/\/formation.france-terre-asile.org\/accueil-2\/formation-le-10-et-11-mai-determiner-lage-par-levaluation-sociale\/","url":"https:\/\/formation.france-terre-asile.org\/accueil-2\/formation-le-10-et-11-mai-determiner-lage-par-levaluation-sociale\/","name":"Formation le 10 et 11 mai - D\u00e9terminer l'\u00e2ge par l'\u00e9valuation sociale - Centre de formation France terre d&#039;asile","isPartOf":{"@id":"https:\/\/formation.france-terre-asile.org\/accueil-2\/#website"},"datePublished":"2021-05-06T14:35:07+00:00","dateModified":"2021-05-12T13:17:35+00:00","breadcrumb":{"@id":"https:\/\/formation.france-terre-asile.org\/accueil-2\/formation-le-10-et-11-mai-determiner-lage-par-levaluation-sociale\/#breadcrumb"},"inLanguage":"fr-FR","potentialAction":[{"@type":"ReadAction","target":["https:\/\/formation.france-terre-asile.org\/accueil-2\/formation-le-10-et-11-mai-determiner-lage-par-levaluation-sociale\/"]}]},{"@type":"BreadcrumbList","@id":"https:\/\/formation.france-terre-asile.org\/accueil-2\/formation-le-10-et-11-mai-determiner-lage-par-levaluation-sociale\/#breadcrumb","itemListElement":[{"@type":"ListItem","position":1,"name":"Accueil","item":"https:\/\/formation.france-terre-asile.org\/accueil-2\/"},{"@type":"ListItem","position":2,"name":"Formation le 10 et 11 mai &#8211; D\u00e9terminer l&rsquo;\u00e2ge par l&rsquo;\u00e9valuation sociale"}]},{"@type":"WebSite","@id":"https:\/\/formation.france-terre-asile.org\/accueil-2\/#website","url":"https:\/\/formation.france-terre-asile.org\/accueil-2\/","name":"Centre de formation France terre d&#039;asile","description":"","publisher":{"@id":"https:\/\/formation.france-terre-asile.org\/accueil-2\/#organization"},"potentialAction":[{"@type":"SearchAction","target":{"@type":"EntryPoint","urlTemplate":"https:\/\/formation.france-terre-asile.org\/accueil-2\/?s={search_term_string}"},"query-input":{"@type":"PropertyValueSpecification","valueRequired":true,"valueName":"search_term_string"}}],"inLanguage":"fr-FR"},{"@type":"Organization","@id":"https:\/\/formation.france-terre-asile.org\/accueil-2\/#organization","name":"Centre de formation France Terre d'Asile","url":"https:\/\/formation.france-terre-asile.org\/accueil-2\/","logo":{"@type":"ImageObject","inLanguage":"fr-FR","@id":"https:\/\/formation.france-terre-asile.org\/accueil-2\/#\/schema\/logo\/image\/","url":"https:\/\/formation.france-terre-asile.org\/wp-content\/uploads\/2021\/03\/logo-50ans.png","contentUrl":"https:\/\/formation.france-terre-asile.org\/wp-content\/uploads\/2021\/03\/logo-50ans.png","width":198,"height":114,"caption":"Centre de formation France Terre d'Asile"},"image":{"@id":"https:\/\/formation.france-terre-asile.org\/accueil-2\/#\/schema\/logo\/image\/"}},{"@type":"Person","@id":"https:\/\/formation.france-terre-asile.org\/accueil-2\/#\/schema\/person\/05b85b8ef7fde43b58d4fb6450411437","name":"Arnold Larochelle","image":{"@type":"ImageObject","inLanguage":"fr-FR","@id":"https:\/\/secure.gravatar.com\/avatar\/d30da25799c15329311f3f4cc6d493bc9e711efd13ca18ef4d8d2bc72a826118?s=96&d=mm&r=g","url":"https:\/\/secure.gravatar.com\/avatar\/d30da25799c15329311f3f4cc6d493bc9e711efd13ca18ef4d8d2bc72a826118?s=96&d=mm&r=g","contentUrl":"https:\/\/secure.gravatar.com\/avatar\/d30da25799c15329311f3f4cc6d493bc9e711efd13ca18ef4d8d2bc72a826118?s=96&d=mm&r=g","caption":"Arnold Larochelle"},"url":"https:\/\/formation.france-terre-asile.org\/accueil-2\/author\/formationcf\/"}]}},"uagb_featured_image_src":{"full":false,"thumbnail":false,"medium":false,"medium_large":false,"large":false,"1536x1536":false,"2048x2048":false,"et-pb-post-main-image":false,"et-pb-post-main-image-fullwidth":false,"et-pb-portfolio-image":false,"et-pb-portfolio-module-image":false,"et-pb-portfolio-image-single":false,"et-pb-gallery-module-image-portrait":false,"et-pb-post-main-image-fullwidth-large":false,"et-pb-image--responsive--desktop":false,"et-pb-image--responsive--tablet":false,"et-pb-image--responsive--phone":false},"uagb_author_info":{"display_name":"Arnold Larochelle","author_link":"https:\/\/formation.france-terre-asile.org\/accueil-2\/author\/formationcf\/"},"uagb_comment_info":0,"uagb_excerpt":"D\u00e9terminer l&rsquo;\u00e2ge par l&rsquo;\u00e2ge par l&rsquo;\u00e9valuation sociale &#8211; Le 10 et 11 mai Les 10 et 11 mai prochains se tiendront les journ\u00e9es de formation sur \u00ab\u00a0D\u00e9terminer l&rsquo;\u00e2ge par l&rsquo;\u00e9valuation sociale\u00a0\u00bb. Gr\u00e2ce \u00e0 cette formation, les professionnels du secteur social pourront approfondir leurs connaissances sur : Les moyens de permettre aux professionnels de d\u00e9velopper les\u2026","_links":{"self":[{"href":"https:\/\/formation.france-terre-asile.org\/accueil-2\/wp-json\/wp\/v2\/posts\/997","targetHints":{"allow":["GET"]}}],"collection":[{"href":"https:\/\/formation.france-terre-asile.org\/accueil-2\/wp-json\/wp\/v2\/posts"}],"about":[{"href":"https:\/\/formation.france-terre-asile.org\/accueil-2\/wp-json\/wp\/v2\/types\/post"}],"author":[{"embeddable":true,"href":"https:\/\/formation.france-terre-asile.org\/accueil-2\/wp-json\/wp\/v2\/users\/3"}],"replies":[{"embeddable":true,"href":"https:\/\/formation.france-terre-asile.org\/accueil-2\/wp-json\/wp\/v2\/comments?post=997"}],"version-history":[{"count":3,"href":"https:\/\/formation.france-terre-asile.org\/accueil-2\/wp-json\/wp\/v2\/posts\/997\/revisions"}],"predecessor-version":[{"id":1010,"href":"https:\/\/formation.france-terre-asile.org\/accueil-2\/wp-json\/wp\/v2\/posts\/997\/revisions\/1010"}],"wp:attachment":[{"href":"https:\/\/formation.france-terre-asile.org\/accueil-2\/wp-json\/wp\/v2\/media?parent=997"}],"wp:term":[{"taxonomy":"category","embeddable":true,"href":"https:\/\/formation.france-terre-asile.org\/accueil-2\/wp-json\/wp\/v2\/categories?post=997"},{"taxonomy":"post_tag","embeddable":true,"href":"https:\/\/formation.france-terre-asile.org\/accueil-2\/wp-json\/wp\/v2\/tags?post=997"}],"curies":[{"name":"wp","href":"https:\/\/api.w.org\/{rel}","templated":true}]}}